{"id":13752,"date":"2025-02-10T03:00:57","date_gmt":"2025-02-10T03:00:57","guid":{"rendered":"https:\/\/alminutonoticia.com\/noticias\/?p=13752"},"modified":"2025-02-10T03:00:59","modified_gmt":"2025-02-10T03:00:59","slug":"alejandro-torres-vuelve-a-la-tarima-tras-fatal-accidente","status":"publish","type":"post","link":"https:\/\/alminutonoticia.com\/noticias\/alejandro-torres-vuelve-a-la-tarima-tras-fatal-accidente\/","title":{"rendered":"Alejandro Torres vuelve a la tarima tras fatal accidente"},"content":{"rendered":"\n<p>Contra todo pron\u00f3stico, el m\u00fasico t\u00edpico&nbsp;<strong>Alejandro Torres<\/strong>&nbsp;sorprendi\u00f3 al p\u00fablico al regresar a los escenarios dos semanas despu\u00e9s del tr\u00e1gico accidente automovil\u00edstico en el que murieron tres personas en Chame, el pasado 26 de enero.<\/p>\n\n\n\n<p>Aunque inicialmente hab\u00eda declarado que no estaba listo para volver a tocar, la noche de este s\u00e1bado se present\u00f3 en el evento de celebraci\u00f3n por los 60 a\u00f1os de carrera de Alfredo Escudero y Leonidas, realizado en los estacionamientos del&nbsp;<strong>estadio Rommel Fern\u00e1ndez.<\/strong><\/p>\n\n\n\n<p>\u201cEsto es parte de nuestra cultura, nuestra m\u00fasica. No pod\u00edamos faltar a este homenaje tan importante. don Alfredo y Leonidas son leyendas, y para nosotros, como grupo joven, es un honor estar aqu\u00ed\u201d, expres\u00f3 Torres ante la audiencia.<\/p>\n\n\n\n<p>El artista tambi\u00e9n mencion\u00f3 que pronto tendr\u00e1 una presentaci\u00f3n junto a<strong>&nbsp;Ulpiano Vergara<\/strong>, otra figura clave del folclore nacional. \u201cSi Dios quiere, hay Alejandro pa rato\u201d, asegur\u00f3 con optimismo.<\/p>\n\n\n\n<p>Desde el d\u00eda del accidente, Torres hab\u00eda cancelado sus presentaciones para enfocarse en su recuperaci\u00f3n y asuntos legales. Mientras tanto, familiares de las<strong>&nbsp;v\u00edctimas&nbsp;<\/strong>han pedido que las investigaciones se manejen con transparencia y justicia.<\/p>\n\n\n\n<p>El retorno de Torres ha generado comentarios divididos entre quienes lo apoyan y quienes consideran que su regreso fue apresurado.<\/p>\n\n\n\n<figure class=\"wp-block-image size-full\"><a href=\"https:\/\/alminutonoticia.com\/noticias\/wp-content\/uploads\/2025\/02\/ilustrativas-770x465-1.jpg\"><img fetchpriority=\"high\" decoding=\"async\" width=\"770\" height=\"465\" src=\"https:\/\/alminutonoticia.com\/noticias\/wp-content\/uploads\/2025\/02\/ilustrativas-770x465-1.jpg\" alt=\"\" class=\"wp-image-13753\" title=\"\" srcset=\"https:\/\/alminutonoticia.com\/noticias\/wp-content\/uploads\/2025\/02\/ilustrativas-770x465-1.jpg 770w, https:\/\/alminutonoticia.com\/noticias\/wp-content\/uploads\/2025\/02\/ilustrativas-770x465-1-300x181.jpg 300w, https:\/\/alminutonoticia.com\/noticias\/wp-content\/uploads\/2025\/02\/ilustrativas-770x465-1-768x464.jpg 768w\" sizes=\"(max-width: 770px) 100vw, 770px\" \/><\/a><\/figure>\n","protected":false},"excerpt":{"rendered":"<p>Contra todo pron\u00f3stico, el m\u00fasico t\u00edpico&nbsp;Alejandro Torres&nbsp;sorprendi\u00f3 al p\u00fablico al regresar a los escenarios dos semanas despu\u00e9s del tr\u00e1gico accidente automovil\u00edstico en el que murieron tres personas en Chame, el pasado 26 de enero. Aunque inicialmente hab\u00eda declarado que no estaba listo para volver a tocar, la noche de este s\u00e1bado se present\u00f3 en el [&hellip;]<\/p>\n","protected":false},"author":3,"featured_media":13753,"comment_status":"open","ping_status":"open","sticky":false,"template":"","format":"standard","meta":{"footnotes":""},"categories":[41,36],"tags":[],"class_list":["post-13752","post","type-post","status-publish","format-standard","has-post-thumbnail","hentry","category-cultura-y-farandula","category-nacionales"],"_links":{"self":[{"href":"https:\/\/alminutonoticia.com\/noticias\/wp-json\/wp\/v2\/posts\/13752","targetHints":{"allow":["GET"]}}],"collection":[{"href":"https:\/\/alminutonoticia.com\/noticias\/wp-json\/wp\/v2\/posts"}],"about":[{"href":"https:\/\/alminutonoticia.com\/noticias\/wp-json\/wp\/v2\/types\/post"}],"author":[{"embeddable":true,"href":"https:\/\/alminutonoticia.com\/noticias\/wp-json\/wp\/v2\/users\/3"}],"replies":[{"embeddable":true,"href":"https:\/\/alminutonoticia.com\/noticias\/wp-json\/wp\/v2\/comments?post=13752"}],"version-history":[{"count":1,"href":"https:\/\/alminutonoticia.com\/noticias\/wp-json\/wp\/v2\/posts\/13752\/revisions"}],"predecessor-version":[{"id":13754,"href":"https:\/\/alminutonoticia.com\/noticias\/wp-json\/wp\/v2\/posts\/13752\/revisions\/13754"}],"wp:featuredmedia":[{"embeddable":true,"href":"https:\/\/alminutonoticia.com\/noticias\/wp-json\/wp\/v2\/media\/13753"}],"wp:attachment":[{"href":"https:\/\/alminutonoticia.com\/noticias\/wp-json\/wp\/v2\/media?parent=13752"}],"wp:term":[{"taxonomy":"category","embeddable":true,"href":"https:\/\/alminutonoticia.com\/noticias\/wp-json\/wp\/v2\/categories?post=13752"},{"taxonomy":"post_tag","embeddable":true,"href":"https:\/\/alminutonoticia.com\/noticias\/wp-json\/wp\/v2\/tags?post=13752"}],"curies":[{"name":"wp","href":"https:\/\/api.w.org\/{rel}","templated":true}]}}