{"id":13743,"date":"2025-02-09T12:33:48","date_gmt":"2025-02-09T12:33:48","guid":{"rendered":"https:\/\/alminutonoticia.com\/noticias\/?p=13743"},"modified":"2025-02-09T12:33:50","modified_gmt":"2025-02-09T12:33:50","slug":"cientificos-estudian-caracoles-venenosos-en-el-parque-nacional-coiba","status":"publish","type":"post","link":"https:\/\/alminutonoticia.com\/noticias\/cientificos-estudian-caracoles-venenosos-en-el-parque-nacional-coiba\/","title":{"rendered":"Cient\u00edficos estudian caracoles venenosos en el Parque Nacional Coiba"},"content":{"rendered":"\n<p>Un estudio sobre la diversidad de las especies de caracoles marinos en el Parque Nacional Coiba y otras \u00e1reas del Pac\u00edfico Este Tropical realizan un equipo interdisciplinario de especialistas a nivel internacional y Panam\u00e1 est\u00e1 representado por la estaci\u00f3n cient\u00edfica Coiba AIP.<\/p>\n\n\n\n<p><br>El proyecto tiene como objetivo analizar la taxonom\u00eda de las especies de Conus presentes en la regi\u00f3n y estudiar las propiedades moleculares de su veneno, el cual es de gran inter\u00e9s para la investigaci\u00f3n biom\u00e9dica debido a su potencial en el desarrollo de nuevos f\u00e1rmacos.<\/p>\n\n\n\n<figure class=\"wp-block-image size-large\"><a href=\"https:\/\/alminutonoticia.com\/noticias\/wp-content\/uploads\/2025\/02\/WhatsApp-Image-2025-02-06-at-2.26.16-PM-1.jpeg\"><img fetchpriority=\"high\" decoding=\"async\" width=\"1024\" height=\"576\" src=\"https:\/\/alminutonoticia.com\/noticias\/wp-content\/uploads\/2025\/02\/WhatsApp-Image-2025-02-06-at-2.26.16-PM-1-1024x576.jpeg\" alt=\"\" class=\"wp-image-13745\" title=\"\" srcset=\"https:\/\/alminutonoticia.com\/noticias\/wp-content\/uploads\/2025\/02\/WhatsApp-Image-2025-02-06-at-2.26.16-PM-1-1024x576.jpeg 1024w, https:\/\/alminutonoticia.com\/noticias\/wp-content\/uploads\/2025\/02\/WhatsApp-Image-2025-02-06-at-2.26.16-PM-1-300x169.jpeg 300w, https:\/\/alminutonoticia.com\/noticias\/wp-content\/uploads\/2025\/02\/WhatsApp-Image-2025-02-06-at-2.26.16-PM-1-768x432.jpeg 768w, https:\/\/alminutonoticia.com\/noticias\/wp-content\/uploads\/2025\/02\/WhatsApp-Image-2025-02-06-at-2.26.16-PM-1-1536x864.jpeg 1536w, https:\/\/alminutonoticia.com\/noticias\/wp-content\/uploads\/2025\/02\/WhatsApp-Image-2025-02-06-at-2.26.16-PM-1.jpeg 1600w\" sizes=\"(max-width: 1024px) 100vw, 1024px\" \/><\/a><\/figure>\n\n\n\n<p><br>Los investigadores trabajan en el levantamiento de un listado actualizado de las especies de Conus en la zona, lo que contribuir\u00e1 al conocimiento y ayudar\u00e1 a la conservaci\u00f3n de la biodiversidad marina de Coiba.<br>En este estudio participan destacados especialistas entre ellos:<\/p>\n\n\n\n<ul class=\"wp-block-list\">\n<li>Dr. Candelario Rodr\u00edguez, investigador de la estaci\u00f3n cient\u00edfica Coiba AIP.<\/li>\n\n\n\n<li>Dr. Rafael Zardoya, director del Museo de Ciencias Naturales de Madrid-CSIC e IP del proyecto.<\/li>\n\n\n\n<li>Dr. Juan Carlos Garc\u00eda Galindo, de la Universidad de C\u00e1diz, Facultad de Ciencias, Instituto de Biomol\u00e9culas (INBIO).<\/li>\n\n\n\n<li>Dr. Manuel Jim\u00e9nez Tenorio, de la Universidad de C\u00e1diz, Facultad de Ciencias, Instituto de Biomol\u00e9culas (INBIO).<\/li>\n\n\n\n<li>Ldo. Carlos Manuel Loren\u00e7o Afonso, de la Universidad de Algarve.<\/li>\n<\/ul>\n\n\n\n<p>Esta investigaci\u00f3n es financiada por el Ministerio de Ciencia e Innovaci\u00f3n del Reino de Espa\u00f1a y forma parte de las Universidades de C\u00e1diz y Algarve (Portugal).<\/p>\n\n\n\n<p><br>Cabe destacar que la Universidad de C\u00e1diz es tambi\u00e9n la Coordinadora de un consorcio de 8 Universidades denominado Campus de Excelencia Internacional del Mar (CeiMar) que incluye a todas las Universidades Andaluzas con costa, adem\u00e1s de Portugal, Marruecos y Colombia, y que centra su inter\u00e9s en la cooperaci\u00f3n cient\u00edfica en temas marinos y en la conservaci\u00f3n de la biodiversidad. Ambas alianzas son de enorme importancia para el desarrollo de la investigaci\u00f3n marino-mar\u00edtima en todos los \u00e1mbitos.<br>La coordinaci\u00f3n de la gira, log\u00edstica y la selecci\u00f3n de los sitios de muestreo estuvo a cargo del Dr. Edgardo D\u00edaz Ferguson y la licda. Sara Justo.<\/p>\n\n\n\n<p><br>Estos resultados pasaran a forma parte del programa de Bio prospecci\u00f3n mariana Como parte de los valores agregados de la biodiversidad que estudia la Estaci\u00f3n Cient\u00edfica Coiba AIP.<\/p>\n\n\n\n<figure class=\"wp-block-image size-large\"><a href=\"https:\/\/alminutonoticia.com\/noticias\/wp-content\/uploads\/2025\/02\/WhatsApp-Image-2025-02-06-at-2.26.17-PM.jpeg\"><img decoding=\"async\" width=\"1024\" height=\"576\" src=\"https:\/\/alminutonoticia.com\/noticias\/wp-content\/uploads\/2025\/02\/WhatsApp-Image-2025-02-06-at-2.26.17-PM-1024x576.jpeg\" alt=\"\" class=\"wp-image-13746\" title=\"\" srcset=\"https:\/\/alminutonoticia.com\/noticias\/wp-content\/uploads\/2025\/02\/WhatsApp-Image-2025-02-06-at-2.26.17-PM-1024x576.jpeg 1024w, https:\/\/alminutonoticia.com\/noticias\/wp-content\/uploads\/2025\/02\/WhatsApp-Image-2025-02-06-at-2.26.17-PM-300x169.jpeg 300w, https:\/\/alminutonoticia.com\/noticias\/wp-content\/uploads\/2025\/02\/WhatsApp-Image-2025-02-06-at-2.26.17-PM-768x432.jpeg 768w, https:\/\/alminutonoticia.com\/noticias\/wp-content\/uploads\/2025\/02\/WhatsApp-Image-2025-02-06-at-2.26.17-PM-1536x864.jpeg 1536w, https:\/\/alminutonoticia.com\/noticias\/wp-content\/uploads\/2025\/02\/WhatsApp-Image-2025-02-06-at-2.26.17-PM.jpeg 1600w\" sizes=\"(max-width: 1024px) 100vw, 1024px\" \/><\/a><\/figure>\n\n\n\n<figure class=\"wp-block-image size-large\"><a href=\"https:\/\/alminutonoticia.com\/noticias\/wp-content\/uploads\/2025\/02\/WhatsApp-Image-2025-02-06-at-2.26.17-PM-1.jpeg\"><img decoding=\"async\" width=\"1024\" height=\"768\" src=\"https:\/\/alminutonoticia.com\/noticias\/wp-content\/uploads\/2025\/02\/WhatsApp-Image-2025-02-06-at-2.26.17-PM-1-1024x768.jpeg\" alt=\"\" class=\"wp-image-13744\" title=\"\" srcset=\"https:\/\/alminutonoticia.com\/noticias\/wp-content\/uploads\/2025\/02\/WhatsApp-Image-2025-02-06-at-2.26.17-PM-1-1024x768.jpeg 1024w, https:\/\/alminutonoticia.com\/noticias\/wp-content\/uploads\/2025\/02\/WhatsApp-Image-2025-02-06-at-2.26.17-PM-1-300x225.jpeg 300w, https:\/\/alminutonoticia.com\/noticias\/wp-content\/uploads\/2025\/02\/WhatsApp-Image-2025-02-06-at-2.26.17-PM-1-768x576.jpeg 768w, https:\/\/alminutonoticia.com\/noticias\/wp-content\/uploads\/2025\/02\/WhatsApp-Image-2025-02-06-at-2.26.17-PM-1-1536x1152.jpeg 1536w, https:\/\/alminutonoticia.com\/noticias\/wp-content\/uploads\/2025\/02\/WhatsApp-Image-2025-02-06-at-2.26.17-PM-1.jpeg 1600w\" sizes=\"(max-width: 1024px) 100vw, 1024px\" \/><\/a><\/figure>\n","protected":false},"excerpt":{"rendered":"<p>Un estudio sobre la diversidad de las especies de caracoles marinos en el Parque Nacional Coiba y otras \u00e1reas del Pac\u00edfico Este Tropical realizan un equipo interdisciplinario de especialistas a nivel internacional y Panam\u00e1 est\u00e1 representado por la estaci\u00f3n cient\u00edfica Coiba AIP. El proyecto tiene como objetivo analizar la taxonom\u00eda de las especies de Conus [&hellip;]<\/p>\n","protected":false},"author":3,"featured_media":13744,"comment_status":"open","ping_status":"open","sticky":false,"template":"","format":"standard","meta":{"footnotes":""},"categories":[42,36],"tags":[],"class_list":["post-13743","post","type-post","status-publish","format-standard","has-post-thumbnail","hentry","category-ambiente","category-nacionales"],"_links":{"self":[{"href":"https:\/\/alminutonoticia.com\/noticias\/wp-json\/wp\/v2\/posts\/13743","targetHints":{"allow":["GET"]}}],"collection":[{"href":"https:\/\/alminutonoticia.com\/noticias\/wp-json\/wp\/v2\/posts"}],"about":[{"href":"https:\/\/alminutonoticia.com\/noticias\/wp-json\/wp\/v2\/types\/post"}],"author":[{"embeddable":true,"href":"https:\/\/alminutonoticia.com\/noticias\/wp-json\/wp\/v2\/users\/3"}],"replies":[{"embeddable":true,"href":"https:\/\/alminutonoticia.com\/noticias\/wp-json\/wp\/v2\/comments?post=13743"}],"version-history":[{"count":1,"href":"https:\/\/alminutonoticia.com\/noticias\/wp-json\/wp\/v2\/posts\/13743\/revisions"}],"predecessor-version":[{"id":13747,"href":"https:\/\/alminutonoticia.com\/noticias\/wp-json\/wp\/v2\/posts\/13743\/revisions\/13747"}],"wp:featuredmedia":[{"embeddable":true,"href":"https:\/\/alminutonoticia.com\/noticias\/wp-json\/wp\/v2\/media\/13744"}],"wp:attachment":[{"href":"https:\/\/alminutonoticia.com\/noticias\/wp-json\/wp\/v2\/media?parent=13743"}],"wp:term":[{"taxonomy":"category","embeddable":true,"href":"https:\/\/alminutonoticia.com\/noticias\/wp-json\/wp\/v2\/categories?post=13743"},{"taxonomy":"post_tag","embeddable":true,"href":"https:\/\/alminutonoticia.com\/noticias\/wp-json\/wp\/v2\/tags?post=13743"}],"curies":[{"name":"wp","href":"https:\/\/api.w.org\/{rel}","templated":true}]}}