{"id":13740,"date":"2025-02-09T12:28:53","date_gmt":"2025-02-09T12:28:53","guid":{"rendered":"https:\/\/alminutonoticia.com\/noticias\/?p=13740"},"modified":"2025-02-09T12:28:55","modified_gmt":"2025-02-09T12:28:55","slug":"este-fin-de-semana-afro-fest-2025-en-la-famosa-boca-town","status":"publish","type":"post","link":"https:\/\/alminutonoticia.com\/noticias\/este-fin-de-semana-afro-fest-2025-en-la-famosa-boca-town\/","title":{"rendered":"Este fin de semana Afro Fest 2025 en la famosa Boca Town"},"content":{"rendered":"\n<p>Panam\u00e1 se alista para acoger el Afro Fest 2025, un vibrante evento que se llevar\u00e1 a cabo el s\u00e1bado 15 y domingo 16 de febrero en los terrenos de la antigua Boca Town de R\u00edo Abajo, espec\u00edficamente en el Restaurante Boho Food Town.<\/p>\n\n\n\n<p>La comunidad paname\u00f1a se reunir\u00e1 para rendir homenaje a sus ra\u00edces, promover la inclusi\u00f3n y compartir la riqueza \u00fanica de la cultura afro completamente gratis de 12:00 md a 12:00 mn ambos d\u00edas.<\/p>\n\n\n\n<p>\u00abEl Afro Fest 2025 es un evento que nace desde la comunidad, con la comunidad y para la comunidad. Invitamos a personas de todas las edades, razas y culturas a unirse a nosotros para celebrar la diversidad y fortaleza que nos brinda la riqueza cultural afropaname\u00f1a. En estos dos d\u00edas, solo se pone m\u00fasica Afro\u00bb, expres\u00f3 Franklyn Robinson, uno de los organizadores del evento.<\/p>\n\n\n\n<p>La celebraci\u00f3n dar\u00e1 inicio el s\u00e1bado 15 al mediod\u00eda y ofrecer\u00e1 una amplia variedad de actividades, incluyendo presentaciones de grupos folcl\u00f3ricos, una pasarela de moda afro del dise\u00f1ador Alex Adames, exposiciones de m\u00e1scaras de diablos y artesan\u00edas, un bazar de emprendedores, clases de turbantes con LigiaGrenald, juegos tradicionales, gastronom\u00eda afro, venta de ceviches y picantes, as\u00ed como una emocionante competencia de sous con la participaci\u00f3n de m\u00e1s de 20 \u00absouseros\u00bb procedentes de R\u00edo Abajo, Col\u00f3n, Bocas del Toro, Parque Lefevre, San Miguelito y el West.<\/p>\n\n\n\n<p>Adem\u00e1s, de la presencia de la reconocida orquesta Combos Nacionales, tendremos homenaje a Urenna Best, Jhon Mccarthy, Betzerai Richard, Cruela, Tibet Bowen, Francisco Knight, Said Isaac, Abel Aron\u00e1tegu\u00ed por sus contribuciones.<\/p>\n\n\n\n<p>Se realizar\u00e1 el segundo encuentro de comparsas con los Campesinos de Col\u00f3n, La Zafra, Los Originales, Los Pumas de Arraij\u00e1n y el Show de la Misa de Bugam\u00e1n, todo esto desde las 12:00 md hasta las 12:00 mn.<\/p>\n\n\n\n<p>El domingo 16, el evento continuar\u00e1 con bazares, venta de comidas, picantes, ropa, accesorios para mascotas, artesan\u00edas y u tremendo Night a Fun.<\/p>\n\n\n\n<p>A partir de las 4:00 pm, dar\u00e1 inicio el Sunset White Party Reggae, con el IV Encuentro de Diablos y Congos, donde tenemos confirmados a diversos grupos de diablos como Kamikaze Crew, Borrigueros Crew, Los Met\u00e1licos Crew entre otros, adem\u00e1s de que tendremos un espect\u00e1culo de dancehall y reggae a cargo de Cash Money Crew y Anubikiss.<\/p>\n\n\n\n<figure class=\"wp-block-image size-full\"><a href=\"https:\/\/alminutonoticia.com\/noticias\/wp-content\/uploads\/2025\/02\/afros-755x470-1.png\"><img fetchpriority=\"high\" decoding=\"async\" width=\"755\" height=\"470\" src=\"https:\/\/alminutonoticia.com\/noticias\/wp-content\/uploads\/2025\/02\/afros-755x470-1.png\" alt=\"\" class=\"wp-image-13741\" title=\"\" srcset=\"https:\/\/alminutonoticia.com\/noticias\/wp-content\/uploads\/2025\/02\/afros-755x470-1.png 755w, https:\/\/alminutonoticia.com\/noticias\/wp-content\/uploads\/2025\/02\/afros-755x470-1-300x187.png 300w\" sizes=\"(max-width: 755px) 100vw, 755px\" \/><\/a><\/figure>\n","protected":false},"excerpt":{"rendered":"<p>Panam\u00e1 se alista para acoger el Afro Fest 2025, un vibrante evento que se llevar\u00e1 a cabo el s\u00e1bado 15 y domingo 16 de febrero en los terrenos de la antigua Boca Town de R\u00edo Abajo, espec\u00edficamente en el Restaurante Boho Food Town. La comunidad paname\u00f1a se reunir\u00e1 para rendir homenaje a sus ra\u00edces, promover [&hellip;]<\/p>\n","protected":false},"author":3,"featured_media":13741,"comment_status":"open","ping_status":"open","sticky":false,"template":"","format":"standard","meta":{"footnotes":""},"categories":[36,41],"tags":[],"class_list":["post-13740","post","type-post","status-publish","format-standard","has-post-thumbnail","hentry","category-nacionales","category-cultura-y-farandula"],"_links":{"self":[{"href":"https:\/\/alminutonoticia.com\/noticias\/wp-json\/wp\/v2\/posts\/13740","targetHints":{"allow":["GET"]}}],"collection":[{"href":"https:\/\/alminutonoticia.com\/noticias\/wp-json\/wp\/v2\/posts"}],"about":[{"href":"https:\/\/alminutonoticia.com\/noticias\/wp-json\/wp\/v2\/types\/post"}],"author":[{"embeddable":true,"href":"https:\/\/alminutonoticia.com\/noticias\/wp-json\/wp\/v2\/users\/3"}],"replies":[{"embeddable":true,"href":"https:\/\/alminutonoticia.com\/noticias\/wp-json\/wp\/v2\/comments?post=13740"}],"version-history":[{"count":1,"href":"https:\/\/alminutonoticia.com\/noticias\/wp-json\/wp\/v2\/posts\/13740\/revisions"}],"predecessor-version":[{"id":13742,"href":"https:\/\/alminutonoticia.com\/noticias\/wp-json\/wp\/v2\/posts\/13740\/revisions\/13742"}],"wp:featuredmedia":[{"embeddable":true,"href":"https:\/\/alminutonoticia.com\/noticias\/wp-json\/wp\/v2\/media\/13741"}],"wp:attachment":[{"href":"https:\/\/alminutonoticia.com\/noticias\/wp-json\/wp\/v2\/media?parent=13740"}],"wp:term":[{"taxonomy":"category","embeddable":true,"href":"https:\/\/alminutonoticia.com\/noticias\/wp-json\/wp\/v2\/categories?post=13740"},{"taxonomy":"post_tag","embeddable":true,"href":"https:\/\/alminutonoticia.com\/noticias\/wp-json\/wp\/v2\/tags?post=13740"}],"curies":[{"name":"wp","href":"https:\/\/api.w.org\/{rel}","templated":true}]}}