{"id":13734,"date":"2025-02-09T12:25:05","date_gmt":"2025-02-09T12:25:05","guid":{"rendered":"https:\/\/alminutonoticia.com\/noticias\/?p=13734"},"modified":"2025-02-09T12:25:08","modified_gmt":"2025-02-09T12:25:08","slug":"avanzan-investigaciones-sobre-incendio-en-el-cerro-guacamaya-la-recompensa-sigue-vigente","status":"publish","type":"post","link":"https:\/\/alminutonoticia.com\/noticias\/avanzan-investigaciones-sobre-incendio-en-el-cerro-guacamaya-la-recompensa-sigue-vigente\/","title":{"rendered":"Avanzan investigaciones sobre incendio en el Cerro Guacamaya, la recompensa sigue vigente"},"content":{"rendered":"\n<p>El Ministerio de Ambiente<strong>&nbsp;(MiAMBIENTE)<\/strong>&nbsp;informa sobre los resultados preliminares de la investigaci\u00f3n del incendio que afect\u00f3 la Reserva H\u00eddrica Cerro Guacamaya, ubicada en&nbsp;<strong>Ca\u00f1averal<\/strong>, distrito de Penonom\u00e9, provincia de Cocl\u00e9. Seg\u00fan el informe del Cuerpo de Bomberos, el siniestro consumi\u00f3 aproximadamente cientos de hect\u00e1reas de vegetaci\u00f3n, predominantemente&nbsp;<strong>\u00abpaja de cerro\u00bb<\/strong>&nbsp;o \u00abpaja peluda\u00bb.<\/p>\n\n\n\n<p>El incendio inici\u00f3 en horas de la tarde del 23 de enero y se extendi\u00f3 hasta la ma\u00f1ana del<strong>&nbsp;27 de enero.&nbsp;<\/strong>Aunque a\u00fan se desconocen las causas exactas, se presume que fue provocado, por lo que MiAMBIENTE reitera que se mantiene una recompensa de B\/.3,000.00 para quien brinde informaci\u00f3n sobre los responsables de este crimen contra el ambiente.&nbsp; Actualmente, el&nbsp;<strong>Ministerio P\u00fablico<\/strong>&nbsp;mantiene una investigaci\u00f3n en curso para determinar responsabilidades.<\/p>\n\n\n\n<p>El 31 de enero se realiz\u00f3 una inspecci\u00f3n en el \u00e1rea afectada con la participaci\u00f3n de especialistas en biolog\u00eda forense, criminal\u00edstica y unidades de investigaci\u00f3n de la Polic\u00eda Nacional, incluyendo la Direcci\u00f3n de Investigaci\u00f3n Judicial (DIJ), la Direcci\u00f3n Nacional de Seguridad, Prevenci\u00f3n e Investigaci\u00f3n de Incendios (DINASEPI) y la Direcci\u00f3n Nacional de \u00c1reas Protegidas y&nbsp;<strong>Biodiversidad (DINAPARC)<\/strong>, con el objetivo de recabar evidencias que permitan esclarecer los hechos.<\/p>\n\n\n\n<p>Para la<strong>&nbsp;extinci\u00f3n del incendio<\/strong>&nbsp;se emplearon diversas t\u00e9cnicas de control, como ataque directo, rondas cortafuegos y contrafuegos. Debido a las condiciones del terreno y las altas temperaturas, se requiri\u00f3 apoyo<strong>&nbsp;a\u00e9reo para controlar las llamas.<\/strong>&nbsp;En el operativo participaron la Gobernaci\u00f3n, el Cuerpo de Bomberos de Veraguas, Los Santos y Cocl\u00e9, la Polic\u00eda Nacional y un grupo de voluntarios coclesanos conocidos como \u00abLos Halcones\u00bb.<\/p>\n\n\n\n<p>A fin de prevenir, el Ministerio de Ambiente insta a las comunidades colindantes a la Reserva H\u00eddrica Cerro Guacamaya a mantenerse vigilantes y reportar cualquier actividad sospechosa que pueda poner en riesgo el ecosistema. Esta \u00e1rea protegida<strong>&nbsp;abastece de agua a 52 comunidades cercanas,&nbsp;<\/strong>por lo que se coordinar\u00e1n reuniones con las Juntas Administradoras de Acueductos Rurales (JAAR) para establecer estrategias de protecci\u00f3n, especialmente en las tomas de agua.<\/p>\n\n\n\n<figure class=\"wp-block-image size-full\"><a href=\"https:\/\/alminutonoticia.com\/noticias\/wp-content\/uploads\/2025\/02\/guaquita-770x462-1.jpeg\"><img fetchpriority=\"high\" decoding=\"async\" width=\"770\" height=\"462\" src=\"https:\/\/alminutonoticia.com\/noticias\/wp-content\/uploads\/2025\/02\/guaquita-770x462-1.jpeg\" alt=\"\" class=\"wp-image-13735\" title=\"\" srcset=\"https:\/\/alminutonoticia.com\/noticias\/wp-content\/uploads\/2025\/02\/guaquita-770x462-1.jpeg 770w, https:\/\/alminutonoticia.com\/noticias\/wp-content\/uploads\/2025\/02\/guaquita-770x462-1-300x180.jpeg 300w, https:\/\/alminutonoticia.com\/noticias\/wp-content\/uploads\/2025\/02\/guaquita-770x462-1-768x461.jpeg 768w\" sizes=\"(max-width: 770px) 100vw, 770px\" \/><\/a><\/figure>\n","protected":false},"excerpt":{"rendered":"<p>El Ministerio de Ambiente&nbsp;(MiAMBIENTE)&nbsp;informa sobre los resultados preliminares de la investigaci\u00f3n del incendio que afect\u00f3 la Reserva H\u00eddrica Cerro Guacamaya, ubicada en&nbsp;Ca\u00f1averal, distrito de Penonom\u00e9, provincia de Cocl\u00e9. Seg\u00fan el informe del Cuerpo de Bomberos, el siniestro consumi\u00f3 aproximadamente cientos de hect\u00e1reas de vegetaci\u00f3n, predominantemente&nbsp;\u00abpaja de cerro\u00bb&nbsp;o \u00abpaja peluda\u00bb. El incendio inici\u00f3 en horas de [&hellip;]<\/p>\n","protected":false},"author":3,"featured_media":13735,"comment_status":"open","ping_status":"open","sticky":false,"template":"","format":"standard","meta":{"footnotes":""},"categories":[36,42],"tags":[],"class_list":["post-13734","post","type-post","status-publish","format-standard","has-post-thumbnail","hentry","category-nacionales","category-ambiente"],"_links":{"self":[{"href":"https:\/\/alminutonoticia.com\/noticias\/wp-json\/wp\/v2\/posts\/13734","targetHints":{"allow":["GET"]}}],"collection":[{"href":"https:\/\/alminutonoticia.com\/noticias\/wp-json\/wp\/v2\/posts"}],"about":[{"href":"https:\/\/alminutonoticia.com\/noticias\/wp-json\/wp\/v2\/types\/post"}],"author":[{"embeddable":true,"href":"https:\/\/alminutonoticia.com\/noticias\/wp-json\/wp\/v2\/users\/3"}],"replies":[{"embeddable":true,"href":"https:\/\/alminutonoticia.com\/noticias\/wp-json\/wp\/v2\/comments?post=13734"}],"version-history":[{"count":1,"href":"https:\/\/alminutonoticia.com\/noticias\/wp-json\/wp\/v2\/posts\/13734\/revisions"}],"predecessor-version":[{"id":13736,"href":"https:\/\/alminutonoticia.com\/noticias\/wp-json\/wp\/v2\/posts\/13734\/revisions\/13736"}],"wp:featuredmedia":[{"embeddable":true,"href":"https:\/\/alminutonoticia.com\/noticias\/wp-json\/wp\/v2\/media\/13735"}],"wp:attachment":[{"href":"https:\/\/alminutonoticia.com\/noticias\/wp-json\/wp\/v2\/media?parent=13734"}],"wp:term":[{"taxonomy":"category","embeddable":true,"href":"https:\/\/alminutonoticia.com\/noticias\/wp-json\/wp\/v2\/categories?post=13734"},{"taxonomy":"post_tag","embeddable":true,"href":"https:\/\/alminutonoticia.com\/noticias\/wp-json\/wp\/v2\/tags?post=13734"}],"curies":[{"name":"wp","href":"https:\/\/api.w.org\/{rel}","templated":true}]}}