{"id":13731,"date":"2025-02-09T12:23:46","date_gmt":"2025-02-09T12:23:46","guid":{"rendered":"https:\/\/alminutonoticia.com\/noticias\/?p=13731"},"modified":"2025-02-09T12:23:49","modified_gmt":"2025-02-09T12:23:49","slug":"30-mil-estudiantes-finalizan-programa-de-recuperacion-academica","status":"publish","type":"post","link":"https:\/\/alminutonoticia.com\/noticias\/30-mil-estudiantes-finalizan-programa-de-recuperacion-academica\/","title":{"rendered":"30 mil estudiantes finalizan Programa de Recuperaci\u00f3n Acad\u00e9mica"},"content":{"rendered":"\n<p>Este 7 de febrero, alrededor de 30 mil estudiantes de escuelas oficiales y particulares culminaron el&nbsp;<strong>Programa de Recuperaci\u00f3n Acad\u00e9mica (PRAE)<\/strong>&nbsp;que desarroll\u00f3 el Ministerio de Educaci\u00f3n en 88 centros educativos del pa\u00eds. Con la finalidad de que, los alumnos lograran completar las asignaturas reprobadas del a\u00f1o lectivo 2024.<\/p>\n\n\n\n<p>Completada la fase de recuperaci\u00f3n, el cronograma del&nbsp;<strong>PRAE<\/strong>&nbsp;establece del 10 al 13 de febrero, la evaluaci\u00f3n de desempe\u00f1o de los estudiantes, los criterios espec\u00edficos son establecidos por la autoridad competente.<\/p>\n\n\n\n<p>Luego, a partir del 14 de este mes se procede a la entrega de calificaciones por los directores, y del 17 al 19 de febrero, la consolidaci\u00f3n y&nbsp;<strong>certificaci\u00f3n&nbsp;<\/strong>las recibir\u00e1n las regiones escolares por parte de los directores de los centros educativos.<\/p>\n\n\n\n<p>Adem\u00e1s, el calendario establece que, el&nbsp;<strong>21 de febrero,<\/strong>&nbsp;se entregar\u00e1 las certificaciones a los estudiantes, mientras que, el pr\u00f3ximo 28, los certificados y diplomas para los estudiantes de noveno y duod\u00e9cimo grado.<\/p>\n\n\n\n<p><strong>El PRAE<\/strong>, tuvo una duraci\u00f3n de cinco semanas de clases y se desarroll\u00f3 de lunes a viernes, en periodos de 60 minutos por materia.<\/p>\n\n\n\n<figure class=\"wp-block-image size-full\"><a href=\"https:\/\/alminutonoticia.com\/noticias\/wp-content\/uploads\/2025\/02\/meducas-770x470-1.jpeg\"><img fetchpriority=\"high\" decoding=\"async\" width=\"770\" height=\"470\" src=\"https:\/\/alminutonoticia.com\/noticias\/wp-content\/uploads\/2025\/02\/meducas-770x470-1.jpeg\" alt=\"\" class=\"wp-image-13732\" title=\"\" srcset=\"https:\/\/alminutonoticia.com\/noticias\/wp-content\/uploads\/2025\/02\/meducas-770x470-1.jpeg 770w, https:\/\/alminutonoticia.com\/noticias\/wp-content\/uploads\/2025\/02\/meducas-770x470-1-300x183.jpeg 300w, https:\/\/alminutonoticia.com\/noticias\/wp-content\/uploads\/2025\/02\/meducas-770x470-1-768x469.jpeg 768w\" sizes=\"(max-width: 770px) 100vw, 770px\" \/><\/a><\/figure>\n","protected":false},"excerpt":{"rendered":"<p>Este 7 de febrero, alrededor de 30 mil estudiantes de escuelas oficiales y particulares culminaron el&nbsp;Programa de Recuperaci\u00f3n Acad\u00e9mica (PRAE)&nbsp;que desarroll\u00f3 el Ministerio de Educaci\u00f3n en 88 centros educativos del pa\u00eds. Con la finalidad de que, los alumnos lograran completar las asignaturas reprobadas del a\u00f1o lectivo 2024. Completada la fase de recuperaci\u00f3n, el cronograma del&nbsp;PRAE&nbsp;establece [&hellip;]<\/p>\n","protected":false},"author":3,"featured_media":13732,"comment_status":"open","ping_status":"open","sticky":false,"template":"","format":"standard","meta":{"footnotes":""},"categories":[36],"tags":[],"class_list":["post-13731","post","type-post","status-publish","format-standard","has-post-thumbnail","hentry","category-nacionales"],"_links":{"self":[{"href":"https:\/\/alminutonoticia.com\/noticias\/wp-json\/wp\/v2\/posts\/13731","targetHints":{"allow":["GET"]}}],"collection":[{"href":"https:\/\/alminutonoticia.com\/noticias\/wp-json\/wp\/v2\/posts"}],"about":[{"href":"https:\/\/alminutonoticia.com\/noticias\/wp-json\/wp\/v2\/types\/post"}],"author":[{"embeddable":true,"href":"https:\/\/alminutonoticia.com\/noticias\/wp-json\/wp\/v2\/users\/3"}],"replies":[{"embeddable":true,"href":"https:\/\/alminutonoticia.com\/noticias\/wp-json\/wp\/v2\/comments?post=13731"}],"version-history":[{"count":1,"href":"https:\/\/alminutonoticia.com\/noticias\/wp-json\/wp\/v2\/posts\/13731\/revisions"}],"predecessor-version":[{"id":13733,"href":"https:\/\/alminutonoticia.com\/noticias\/wp-json\/wp\/v2\/posts\/13731\/revisions\/13733"}],"wp:featuredmedia":[{"embeddable":true,"href":"https:\/\/alminutonoticia.com\/noticias\/wp-json\/wp\/v2\/media\/13732"}],"wp:attachment":[{"href":"https:\/\/alminutonoticia.com\/noticias\/wp-json\/wp\/v2\/media?parent=13731"}],"wp:term":[{"taxonomy":"category","embeddable":true,"href":"https:\/\/alminutonoticia.com\/noticias\/wp-json\/wp\/v2\/categories?post=13731"},{"taxonomy":"post_tag","embeddable":true,"href":"https:\/\/alminutonoticia.com\/noticias\/wp-json\/wp\/v2\/tags?post=13731"}],"curies":[{"name":"wp","href":"https:\/\/api.w.org\/{rel}","templated":true}]}}