{"id":13728,"date":"2025-02-09T12:22:17","date_gmt":"2025-02-09T12:22:17","guid":{"rendered":"https:\/\/alminutonoticia.com\/noticias\/?p=13728"},"modified":"2025-02-09T12:22:19","modified_gmt":"2025-02-09T12:22:19","slug":"quedan-en-pausa-los-nombramientos-y-ajustes-salariales-en-el-setor-publico","status":"publish","type":"post","link":"https:\/\/alminutonoticia.com\/noticias\/quedan-en-pausa-los-nombramientos-y-ajustes-salariales-en-el-setor-publico\/","title":{"rendered":"Quedan en pausa los nombramientos y ajustes salariales en el setor p\u00fablico"},"content":{"rendered":"\n<p>La Contralor\u00eda General de la Rep\u00fablica solicit\u00f3 a las entidades gubernamentales que, a partir del lunes 10 de febrero de 2025, se abstengan de ejecutar nuevas acciones entre esos ajustes salariales y nombramientos que ocasionen el incremento de la&nbsp;<strong>planilla estatal.<\/strong><\/p>\n\n\n\n<p>La medida busca evitar cualquier afectaci\u00f3n a las asignaciones presupuestarias que deben asignarse a atender las necesidades m\u00e1s apremiantes de los ciudadanos.<\/p>\n\n\n\n<p>Quedan exceptuadas las acciones del personal de los&nbsp;<strong>Ministerios de Salud y Educaci\u00f3n,<\/strong>&nbsp;y aquellas entidades que est\u00e9n amparadas por leyes especiales.<\/p>\n\n\n\n<p>Se inst\u00f3 a todas las entidades p\u00fablicas a cumplir de manera estricta con esa&nbsp;<strong>disposici\u00f3n.<\/strong><\/p>\n\n\n\n<figure class=\"wp-block-image size-full\"><a href=\"https:\/\/alminutonoticia.com\/noticias\/wp-content\/uploads\/2025\/02\/contra-tres.jpg\"><img fetchpriority=\"high\" decoding=\"async\" width=\"770\" height=\"470\" src=\"https:\/\/alminutonoticia.com\/noticias\/wp-content\/uploads\/2025\/02\/contra-tres.jpg\" alt=\"\" class=\"wp-image-13729\" title=\"\" srcset=\"https:\/\/alminutonoticia.com\/noticias\/wp-content\/uploads\/2025\/02\/contra-tres.jpg 770w, https:\/\/alminutonoticia.com\/noticias\/wp-content\/uploads\/2025\/02\/contra-tres-300x183.jpg 300w, https:\/\/alminutonoticia.com\/noticias\/wp-content\/uploads\/2025\/02\/contra-tres-768x469.jpg 768w\" sizes=\"(max-width: 770px) 100vw, 770px\" \/><\/a><\/figure>\n","protected":false},"excerpt":{"rendered":"<p>La Contralor\u00eda General de la Rep\u00fablica solicit\u00f3 a las entidades gubernamentales que, a partir del lunes 10 de febrero de 2025, se abstengan de ejecutar nuevas acciones entre esos ajustes salariales y nombramientos que ocasionen el incremento de la&nbsp;planilla estatal. La medida busca evitar cualquier afectaci\u00f3n a las asignaciones presupuestarias que deben asignarse a atender [&hellip;]<\/p>\n","protected":false},"author":3,"featured_media":13729,"comment_status":"open","ping_status":"open","sticky":false,"template":"","format":"standard","meta":{"footnotes":""},"categories":[36],"tags":[],"class_list":["post-13728","post","type-post","status-publish","format-standard","has-post-thumbnail","hentry","category-nacionales"],"_links":{"self":[{"href":"https:\/\/alminutonoticia.com\/noticias\/wp-json\/wp\/v2\/posts\/13728","targetHints":{"allow":["GET"]}}],"collection":[{"href":"https:\/\/alminutonoticia.com\/noticias\/wp-json\/wp\/v2\/posts"}],"about":[{"href":"https:\/\/alminutonoticia.com\/noticias\/wp-json\/wp\/v2\/types\/post"}],"author":[{"embeddable":true,"href":"https:\/\/alminutonoticia.com\/noticias\/wp-json\/wp\/v2\/users\/3"}],"replies":[{"embeddable":true,"href":"https:\/\/alminutonoticia.com\/noticias\/wp-json\/wp\/v2\/comments?post=13728"}],"version-history":[{"count":1,"href":"https:\/\/alminutonoticia.com\/noticias\/wp-json\/wp\/v2\/posts\/13728\/revisions"}],"predecessor-version":[{"id":13730,"href":"https:\/\/alminutonoticia.com\/noticias\/wp-json\/wp\/v2\/posts\/13728\/revisions\/13730"}],"wp:featuredmedia":[{"embeddable":true,"href":"https:\/\/alminutonoticia.com\/noticias\/wp-json\/wp\/v2\/media\/13729"}],"wp:attachment":[{"href":"https:\/\/alminutonoticia.com\/noticias\/wp-json\/wp\/v2\/media?parent=13728"}],"wp:term":[{"taxonomy":"category","embeddable":true,"href":"https:\/\/alminutonoticia.com\/noticias\/wp-json\/wp\/v2\/categories?post=13728"},{"taxonomy":"post_tag","embeddable":true,"href":"https:\/\/alminutonoticia.com\/noticias\/wp-json\/wp\/v2\/tags?post=13728"}],"curies":[{"name":"wp","href":"https:\/\/api.w.org\/{rel}","templated":true}]}}