{"id":13725,"date":"2025-02-09T12:03:05","date_gmt":"2025-02-09T12:03:05","guid":{"rendered":"https:\/\/alminutonoticia.com\/noticias\/?p=13725"},"modified":"2025-02-09T12:21:01","modified_gmt":"2025-02-09T12:21:01","slug":"chancletazo-contra-los-mal-estacionados-en-la-capital","status":"publish","type":"post","link":"https:\/\/alminutonoticia.com\/noticias\/chancletazo-contra-los-mal-estacionados-en-la-capital\/","title":{"rendered":"\u2018Chancletazo\u2019 contra los mal estacionados en la capital"},"content":{"rendered":"\n<p>El alcalde Mayer Mizrachi sali\u00f3 a meter&nbsp;<strong>\u201cChancletazo\u201d,<\/strong>&nbsp;una multa social en forma de sticker que se colocar\u00e1 en veh\u00edculos mal estacionados para generar conciencia sobre el respeto a las normas de tr\u00e1nsito.<\/p>\n\n\n\n<p>Esta idea busca visibilizar y&nbsp;<strong>corregir pr\u00e1cticas indebidas<\/strong>&nbsp;que afectan la movilidad urbana, especialmente en pasos peatonales y accesos para discapacitados. Inspectores municipales y aplicar\u00e1n los stickers como advertencia simb\u00f3lica, sin sanci\u00f3n econ\u00f3mica.<\/p>\n\n\n\n<p>\u201cEl \u2018Chancletazo\u2019 es un llamado de atenci\u00f3n para fomentar el respeto vial y la convivencia en la ciudad\u201d, destac\u00f3 Mizrachi.<\/p>\n\n\n\n<p>La iniciativa se difundir\u00e1 en redes sociales con el hashtag #Chancletazo, promoviendo la denuncia ciudadana y la educaci\u00f3n vial.<\/p>\n\n\n\n<figure class=\"wp-block-image size-full\"><a href=\"https:\/\/alminutonoticia.com\/noticias\/wp-content\/uploads\/2025\/02\/chancle-tas-621x470-1.jpg\"><img fetchpriority=\"high\" decoding=\"async\" width=\"621\" height=\"470\" src=\"https:\/\/alminutonoticia.com\/noticias\/wp-content\/uploads\/2025\/02\/chancle-tas-621x470-1.jpg\" alt=\"\" class=\"wp-image-13726\" title=\"\" srcset=\"https:\/\/alminutonoticia.com\/noticias\/wp-content\/uploads\/2025\/02\/chancle-tas-621x470-1.jpg 621w, https:\/\/alminutonoticia.com\/noticias\/wp-content\/uploads\/2025\/02\/chancle-tas-621x470-1-300x227.jpg 300w\" sizes=\"(max-width: 621px) 100vw, 621px\" \/><\/a><\/figure>\n","protected":false},"excerpt":{"rendered":"<p>El alcalde Mayer Mizrachi sali\u00f3 a meter&nbsp;\u201cChancletazo\u201d,&nbsp;una multa social en forma de sticker que se colocar\u00e1 en veh\u00edculos mal estacionados para generar conciencia sobre el respeto a las normas de tr\u00e1nsito. Esta idea busca visibilizar y&nbsp;corregir pr\u00e1cticas indebidas&nbsp;que afectan la movilidad urbana, especialmente en pasos peatonales y accesos para discapacitados. Inspectores municipales y aplicar\u00e1n los [&hellip;]<\/p>\n","protected":false},"author":3,"featured_media":13726,"comment_status":"open","ping_status":"open","sticky":false,"template":"","format":"standard","meta":{"footnotes":""},"categories":[36],"tags":[],"class_list":["post-13725","post","type-post","status-publish","format-standard","has-post-thumbnail","hentry","category-nacionales"],"_links":{"self":[{"href":"https:\/\/alminutonoticia.com\/noticias\/wp-json\/wp\/v2\/posts\/13725","targetHints":{"allow":["GET"]}}],"collection":[{"href":"https:\/\/alminutonoticia.com\/noticias\/wp-json\/wp\/v2\/posts"}],"about":[{"href":"https:\/\/alminutonoticia.com\/noticias\/wp-json\/wp\/v2\/types\/post"}],"author":[{"embeddable":true,"href":"https:\/\/alminutonoticia.com\/noticias\/wp-json\/wp\/v2\/users\/3"}],"replies":[{"embeddable":true,"href":"https:\/\/alminutonoticia.com\/noticias\/wp-json\/wp\/v2\/comments?post=13725"}],"version-history":[{"count":1,"href":"https:\/\/alminutonoticia.com\/noticias\/wp-json\/wp\/v2\/posts\/13725\/revisions"}],"predecessor-version":[{"id":13727,"href":"https:\/\/alminutonoticia.com\/noticias\/wp-json\/wp\/v2\/posts\/13725\/revisions\/13727"}],"wp:featuredmedia":[{"embeddable":true,"href":"https:\/\/alminutonoticia.com\/noticias\/wp-json\/wp\/v2\/media\/13726"}],"wp:attachment":[{"href":"https:\/\/alminutonoticia.com\/noticias\/wp-json\/wp\/v2\/media?parent=13725"}],"wp:term":[{"taxonomy":"category","embeddable":true,"href":"https:\/\/alminutonoticia.com\/noticias\/wp-json\/wp\/v2\/categories?post=13725"},{"taxonomy":"post_tag","embeddable":true,"href":"https:\/\/alminutonoticia.com\/noticias\/wp-json\/wp\/v2\/tags?post=13725"}],"curies":[{"name":"wp","href":"https:\/\/api.w.org\/{rel}","templated":true}]}}