{"id":13722,"date":"2025-02-09T12:01:20","date_gmt":"2025-02-09T12:01:20","guid":{"rendered":"https:\/\/alminutonoticia.com\/noticias\/?p=13722"},"modified":"2025-02-09T12:01:22","modified_gmt":"2025-02-09T12:01:22","slug":"se-pospone-llamada-entre-presidentes-de-panama-y-estados-unidos","status":"publish","type":"post","link":"https:\/\/alminutonoticia.com\/noticias\/se-pospone-llamada-entre-presidentes-de-panama-y-estados-unidos\/","title":{"rendered":"Se pospone llamada entre presidentes de Panam\u00e1 y Estados Unidos"},"content":{"rendered":"\n<p>La Presidencia de la Rep\u00fablica inform\u00f3 este viernes 7 de febrero que la llamada telef\u00f3nica entre el mandatario paname\u00f1o&nbsp;<strong>Jos\u00e9 Ra\u00fal Mulino<\/strong>&nbsp;y el presidente de Estados Unidos, Donald Trump, fue pospuesta.<\/p>\n\n\n\n<p>La conversaci\u00f3n estaba programada para realizarse a las 3:30 p.m. de hoy, sin embargo, la Casa Blanca comunic\u00f3 a la Canciller\u00eda de Panam\u00e1 que debido a cambios de \u00faltima hora en la agenda estadounidense, la llamada no podr\u00eda llevarse a cabo en la&nbsp;<strong>fecha acordada.<\/strong><\/p>\n\n\n\n<p>Se espera que en los pr\u00f3ximos d\u00edas las autoridades paname\u00f1as den a conocer una nueva fecha para la conversaci\u00f3n entre ambos jefes de Estado, tras coordinar los detalles con el equipo del presidente Trump.<\/p>\n\n\n\n<p>El pasado lunes, desde el Despacho Oval, Trump adelant\u00f3 que esperaba hablar con Panam\u00e1 este viernes, poco despu\u00e9s de la visita del secretario de Estado de EE.UU., Marco Rubio, a tierras paname\u00f1as. Durante esa ocasi\u00f3n, Trump mencion\u00f3<strong>: \u201cCreo que vamos a hablar con Panam\u00e1 el viernes.<\/strong>&nbsp;Esencialmente, se han comprometido a ciertas cosas, pero no estoy contento con ello\u201d.<\/p>\n\n\n\n<p>Hasta el momento, no se han dado m\u00e1s detalles sobre los temas que ser\u00edan abordados en la conversaci\u00f3n.<\/p>\n\n\n\n<figure class=\"wp-block-image size-full\"><a href=\"https:\/\/alminutonoticia.com\/noticias\/wp-content\/uploads\/2025\/02\/trump-tres.jpeg\"><img fetchpriority=\"high\" decoding=\"async\" width=\"770\" height=\"470\" src=\"https:\/\/alminutonoticia.com\/noticias\/wp-content\/uploads\/2025\/02\/trump-tres.jpeg\" alt=\"\" class=\"wp-image-13723\" title=\"\" srcset=\"https:\/\/alminutonoticia.com\/noticias\/wp-content\/uploads\/2025\/02\/trump-tres.jpeg 770w, https:\/\/alminutonoticia.com\/noticias\/wp-content\/uploads\/2025\/02\/trump-tres-300x183.jpeg 300w, https:\/\/alminutonoticia.com\/noticias\/wp-content\/uploads\/2025\/02\/trump-tres-768x469.jpeg 768w\" sizes=\"(max-width: 770px) 100vw, 770px\" \/><\/a><\/figure>\n","protected":false},"excerpt":{"rendered":"<p>La Presidencia de la Rep\u00fablica inform\u00f3 este viernes 7 de febrero que la llamada telef\u00f3nica entre el mandatario paname\u00f1o&nbsp;Jos\u00e9 Ra\u00fal Mulino&nbsp;y el presidente de Estados Unidos, Donald Trump, fue pospuesta. La conversaci\u00f3n estaba programada para realizarse a las 3:30 p.m. de hoy, sin embargo, la Casa Blanca comunic\u00f3 a la Canciller\u00eda de Panam\u00e1 que debido [&hellip;]<\/p>\n","protected":false},"author":3,"featured_media":13723,"comment_status":"open","ping_status":"open","sticky":false,"template":"","format":"standard","meta":{"footnotes":""},"categories":[36,39],"tags":[],"class_list":["post-13722","post","type-post","status-publish","format-standard","has-post-thumbnail","hentry","category-nacionales","category-internacionales"],"_links":{"self":[{"href":"https:\/\/alminutonoticia.com\/noticias\/wp-json\/wp\/v2\/posts\/13722","targetHints":{"allow":["GET"]}}],"collection":[{"href":"https:\/\/alminutonoticia.com\/noticias\/wp-json\/wp\/v2\/posts"}],"about":[{"href":"https:\/\/alminutonoticia.com\/noticias\/wp-json\/wp\/v2\/types\/post"}],"author":[{"embeddable":true,"href":"https:\/\/alminutonoticia.com\/noticias\/wp-json\/wp\/v2\/users\/3"}],"replies":[{"embeddable":true,"href":"https:\/\/alminutonoticia.com\/noticias\/wp-json\/wp\/v2\/comments?post=13722"}],"version-history":[{"count":1,"href":"https:\/\/alminutonoticia.com\/noticias\/wp-json\/wp\/v2\/posts\/13722\/revisions"}],"predecessor-version":[{"id":13724,"href":"https:\/\/alminutonoticia.com\/noticias\/wp-json\/wp\/v2\/posts\/13722\/revisions\/13724"}],"wp:featuredmedia":[{"embeddable":true,"href":"https:\/\/alminutonoticia.com\/noticias\/wp-json\/wp\/v2\/media\/13723"}],"wp:attachment":[{"href":"https:\/\/alminutonoticia.com\/noticias\/wp-json\/wp\/v2\/media?parent=13722"}],"wp:term":[{"taxonomy":"category","embeddable":true,"href":"https:\/\/alminutonoticia.com\/noticias\/wp-json\/wp\/v2\/categories?post=13722"},{"taxonomy":"post_tag","embeddable":true,"href":"https:\/\/alminutonoticia.com\/noticias\/wp-json\/wp\/v2\/tags?post=13722"}],"curies":[{"name":"wp","href":"https:\/\/api.w.org\/{rel}","templated":true}]}}