{"id":13719,"date":"2025-02-09T11:59:42","date_gmt":"2025-02-09T11:59:42","guid":{"rendered":"https:\/\/alminutonoticia.com\/noticias\/?p=13719"},"modified":"2025-02-09T11:59:47","modified_gmt":"2025-02-09T11:59:47","slug":"a-pesar-de-los-avances-la-emergencia-ambiental-en-cerro-patacon-aun-se-mantiene","status":"publish","type":"post","link":"https:\/\/alminutonoticia.com\/noticias\/a-pesar-de-los-avances-la-emergencia-ambiental-en-cerro-patacon-aun-se-mantiene\/","title":{"rendered":"A pesar de los avances, la emergencia ambiental en Cerro Patac\u00f3n, a\u00fan se mantiene"},"content":{"rendered":"\n<p><strong>\u201cLa situaci\u00f3n en Cerro Patac\u00f3n,&nbsp;<\/strong>sigue siendo una emergencia ambiental\u201d, as\u00ed lo expres\u00f3 el ministro de ambiente, Juan Carlos Navarro, durante un recorrido por el Relleno Sanitario de Cerro Patac\u00f3n, que realiz\u00f3 junto a&nbsp;<strong>Ovil Moreno,&nbsp;<\/strong>administrador de la Autoridad de Aseo Urbano y Domiciliario (AAUD), el Equipo Multidisciplinario Especializado Ambiental (EME), la Direcci\u00f3n de Verificaci\u00f3n al Desempe\u00f1o Ambiental (DIVEDA) y la Polic\u00eda Nacional.<\/p>\n\n\n\n<p>\u00abLo que encontramos fue un desastre ambiental y una situaci\u00f3n de emergencia sin precedentes, las laderas de&nbsp;<strong>Cerro Patac\u00f3n&nbsp;<\/strong>estaban completamente cubiertas de basura. Este era un terreno lleno de chatarras, llantas y escombros, y no solo eso, sino tambi\u00e9n un foco de violencia, con actos delictivos que inclu\u00edan asesinatos, tr\u00e1fico de drogas y caos. Con el apoyo de la polic\u00eda hemos avanzado, pero a\u00fan nos queda mucho por hacer\u00bb, reiter\u00f3 el ministro de Ambiente.<\/p>\n\n\n\n<p>\u201cDurante a\u00f1os, este ha sido un sitio donde se ha depositado desechos sin control, ocasionando graves problemas de contaminaci\u00f3n y condiciones insostenibles, tanto para el medio ambiente, como para las comunidades cercanas, y sumado a esto, otras situaciones de riesgo como la violencia y las quemas indiscriminadas\u201d, agreg\u00f3 el<strong>&nbsp;ministro Navarro.<\/strong><\/p>\n\n\n\n<p>En el recorrido fue notorio ver los avances que se ven reflejadas en que muchas de las laderas han sido tapadas con tierra, mejorando el orden y&nbsp;<strong>la seguridad en la zona,<\/strong>&nbsp;vislumbrando as\u00ed una transformaci\u00f3n del sitio. En este sentido las autoridades refuerzan el compromiso de coordinar esfuerzos para evitar los incendios forestales.<\/p>\n\n\n\n<p>Por otra parte, Ovil Moreno, administrador de la AAUD explic\u00f3 los avances alcanzados durante su administraci\u00f3n, hecho que ha sido reconocido por personas que llevan m\u00e1s de 20 a\u00f1os trabajando en la instituci\u00f3n. \u00abEllos me indican que nunca hab\u00edan visto el relleno sanitario en las condiciones en que est\u00e1 ahora. Estamos logrando cubrir toda el \u00e1rea de desechos para evitar que queden expuestos, minimizando el riesgo de incendios y otros problemas sanitarios\u00bb, subray\u00f3 Moreno.<\/p>\n\n\n\n<figure class=\"wp-block-image size-full\"><a href=\"https:\/\/alminutonoticia.com\/noticias\/wp-content\/uploads\/2025\/02\/cerro-patacon-770x470-1.jpg\"><img fetchpriority=\"high\" decoding=\"async\" width=\"770\" height=\"470\" src=\"https:\/\/alminutonoticia.com\/noticias\/wp-content\/uploads\/2025\/02\/cerro-patacon-770x470-1.jpg\" alt=\"\" class=\"wp-image-13720\" title=\"\" srcset=\"https:\/\/alminutonoticia.com\/noticias\/wp-content\/uploads\/2025\/02\/cerro-patacon-770x470-1.jpg 770w, https:\/\/alminutonoticia.com\/noticias\/wp-content\/uploads\/2025\/02\/cerro-patacon-770x470-1-300x183.jpg 300w, https:\/\/alminutonoticia.com\/noticias\/wp-content\/uploads\/2025\/02\/cerro-patacon-770x470-1-768x469.jpg 768w\" sizes=\"(max-width: 770px) 100vw, 770px\" \/><\/a><\/figure>\n","protected":false},"excerpt":{"rendered":"<p>\u201cLa situaci\u00f3n en Cerro Patac\u00f3n,&nbsp;sigue siendo una emergencia ambiental\u201d, as\u00ed lo expres\u00f3 el ministro de ambiente, Juan Carlos Navarro, durante un recorrido por el Relleno Sanitario de Cerro Patac\u00f3n, que realiz\u00f3 junto a&nbsp;Ovil Moreno,&nbsp;administrador de la Autoridad de Aseo Urbano y Domiciliario (AAUD), el Equipo Multidisciplinario Especializado Ambiental (EME), la Direcci\u00f3n de Verificaci\u00f3n al Desempe\u00f1o [&hellip;]<\/p>\n","protected":false},"author":3,"featured_media":13720,"comment_status":"open","ping_status":"open","sticky":false,"template":"","format":"standard","meta":{"footnotes":""},"categories":[36],"tags":[],"class_list":["post-13719","post","type-post","status-publish","format-standard","has-post-thumbnail","hentry","category-nacionales"],"_links":{"self":[{"href":"https:\/\/alminutonoticia.com\/noticias\/wp-json\/wp\/v2\/posts\/13719","targetHints":{"allow":["GET"]}}],"collection":[{"href":"https:\/\/alminutonoticia.com\/noticias\/wp-json\/wp\/v2\/posts"}],"about":[{"href":"https:\/\/alminutonoticia.com\/noticias\/wp-json\/wp\/v2\/types\/post"}],"author":[{"embeddable":true,"href":"https:\/\/alminutonoticia.com\/noticias\/wp-json\/wp\/v2\/users\/3"}],"replies":[{"embeddable":true,"href":"https:\/\/alminutonoticia.com\/noticias\/wp-json\/wp\/v2\/comments?post=13719"}],"version-history":[{"count":1,"href":"https:\/\/alminutonoticia.com\/noticias\/wp-json\/wp\/v2\/posts\/13719\/revisions"}],"predecessor-version":[{"id":13721,"href":"https:\/\/alminutonoticia.com\/noticias\/wp-json\/wp\/v2\/posts\/13719\/revisions\/13721"}],"wp:featuredmedia":[{"embeddable":true,"href":"https:\/\/alminutonoticia.com\/noticias\/wp-json\/wp\/v2\/media\/13720"}],"wp:attachment":[{"href":"https:\/\/alminutonoticia.com\/noticias\/wp-json\/wp\/v2\/media?parent=13719"}],"wp:term":[{"taxonomy":"category","embeddable":true,"href":"https:\/\/alminutonoticia.com\/noticias\/wp-json\/wp\/v2\/categories?post=13719"},{"taxonomy":"post_tag","embeddable":true,"href":"https:\/\/alminutonoticia.com\/noticias\/wp-json\/wp\/v2\/tags?post=13719"}],"curies":[{"name":"wp","href":"https:\/\/api.w.org\/{rel}","templated":true}]}}