{"id":13710,"date":"2025-02-06T04:22:05","date_gmt":"2025-02-06T04:22:05","guid":{"rendered":"https:\/\/alminutonoticia.com\/noticias\/?p=13710"},"modified":"2025-02-09T11:54:34","modified_gmt":"2025-02-09T11:54:34","slug":"alejandro-torres-rompe-el-silencio-tras-tragico-accidente-en-chame","status":"publish","type":"post","link":"https:\/\/alminutonoticia.com\/noticias\/alejandro-torres-rompe-el-silencio-tras-tragico-accidente-en-chame\/","title":{"rendered":"Alejandro Torres rompe el silencio tras tr\u00e1gico accidente en Chame"},"content":{"rendered":"\n<p>El cantante de m\u00fasica t\u00edpica paname\u00f1a Alejandro Torres ofreci\u00f3 este mi\u00e9rcoles sus primeras declaraciones p\u00fablicas sobre el accidente de tr\u00e1nsito en el que estuvo involucrado el pasado 26 de enero en Chame, Panam\u00e1 Oeste.<\/p>\n\n\n\n<p>Torres lament\u00f3 profundamente la muerte de las tres personas que viajaban en el taxi involucrado en la colisi\u00f3n. \u201cNo hay palabras para describir el dolor que siento. Le pido fuerzas a Dios para seguir adelante con esta carga\u201d, expres\u00f3 el m\u00fasico durante una conferencia de prensa.<\/p>\n\n\n\n<p>El artista relat\u00f3 que el accidente ocurri\u00f3 alrededor de las 2:00 a.m. cuando regresaba a casa. Seg\u00fan su testimonio, un giro inesperado del taxi provoc\u00f3 el impacto. Asegur\u00f3 que se someti\u00f3 de inmediato a las pruebas de alcoholemia, cuyos resultados fueron negativos.<\/p>\n\n\n\n<p>\u201cDesde ese momento qued\u00e9 detenido dentro de una patrulla hasta las 10:00 a.m., cuando los peritos determinaron que pod\u00eda retirarme mientras contin\u00faan las investigaciones\u201d, explic\u00f3.<\/p>\n\n\n\n<p>Torres manifest\u00f3 estar a disposici\u00f3n del Ministerio P\u00fablico y de los familiares de las v\u00edctimas. \u201cEstamos abiertos a colaborar con lo que sea necesario. Esto no es f\u00e1cil para nadie\u201d, afirm\u00f3.<\/p>\n\n\n\n<p>Tambi\u00e9n aclar\u00f3 que, debido a la gravedad de los hechos, decidi\u00f3 suspender temporalmente sus presentaciones musicales. \u201cAhora mismo no estamos listos para subirnos a una tarima. Cuando el coraz\u00f3n est\u00e9 en paz, regresaremos\u201d, coment\u00f3.<\/p>\n\n\n\n<p>Finalmente, agradeci\u00f3 el apoyo de sus seguidores y reiter\u00f3 su compromiso con la verdad. \u201cSiempre he sido una persona de bien, y conf\u00edo en que todo se esclarecer\u00e1\u201d, concluy\u00f3.<\/p>\n\n\n\n<figure class=\"wp-block-image size-full\"><a href=\"https:\/\/alminutonoticia.com\/noticias\/wp-content\/uploads\/2025\/02\/torreretio.jpg\"><img fetchpriority=\"high\" decoding=\"async\" width=\"770\" height=\"470\" src=\"https:\/\/alminutonoticia.com\/noticias\/wp-content\/uploads\/2025\/02\/torreretio.jpg\" alt=\"\" class=\"wp-image-13711\" title=\"\" srcset=\"https:\/\/alminutonoticia.com\/noticias\/wp-content\/uploads\/2025\/02\/torreretio.jpg 770w, https:\/\/alminutonoticia.com\/noticias\/wp-content\/uploads\/2025\/02\/torreretio-300x183.jpg 300w, https:\/\/alminutonoticia.com\/noticias\/wp-content\/uploads\/2025\/02\/torreretio-768x469.jpg 768w\" sizes=\"(max-width: 770px) 100vw, 770px\" \/><\/a><\/figure>\n","protected":false},"excerpt":{"rendered":"<p>El cantante de m\u00fasica t\u00edpica paname\u00f1a Alejandro Torres ofreci\u00f3 este mi\u00e9rcoles sus primeras declaraciones p\u00fablicas sobre el accidente de tr\u00e1nsito en el que estuvo involucrado el pasado 26 de enero en Chame, Panam\u00e1 Oeste. Torres lament\u00f3 profundamente la muerte de las tres personas que viajaban en el taxi involucrado en la colisi\u00f3n. \u201cNo hay palabras [&hellip;]<\/p>\n","protected":false},"author":3,"featured_media":13711,"comment_status":"open","ping_status":"open","sticky":false,"template":"","format":"standard","meta":{"footnotes":""},"categories":[36,41],"tags":[],"class_list":["post-13710","post","type-post","status-publish","format-standard","has-post-thumbnail","hentry","category-nacionales","category-cultura-y-farandula"],"_links":{"self":[{"href":"https:\/\/alminutonoticia.com\/noticias\/wp-json\/wp\/v2\/posts\/13710","targetHints":{"allow":["GET"]}}],"collection":[{"href":"https:\/\/alminutonoticia.com\/noticias\/wp-json\/wp\/v2\/posts"}],"about":[{"href":"https:\/\/alminutonoticia.com\/noticias\/wp-json\/wp\/v2\/types\/post"}],"author":[{"embeddable":true,"href":"https:\/\/alminutonoticia.com\/noticias\/wp-json\/wp\/v2\/users\/3"}],"replies":[{"embeddable":true,"href":"https:\/\/alminutonoticia.com\/noticias\/wp-json\/wp\/v2\/comments?post=13710"}],"version-history":[{"count":1,"href":"https:\/\/alminutonoticia.com\/noticias\/wp-json\/wp\/v2\/posts\/13710\/revisions"}],"predecessor-version":[{"id":13712,"href":"https:\/\/alminutonoticia.com\/noticias\/wp-json\/wp\/v2\/posts\/13710\/revisions\/13712"}],"wp:featuredmedia":[{"embeddable":true,"href":"https:\/\/alminutonoticia.com\/noticias\/wp-json\/wp\/v2\/media\/13711"}],"wp:attachment":[{"href":"https:\/\/alminutonoticia.com\/noticias\/wp-json\/wp\/v2\/media?parent=13710"}],"wp:term":[{"taxonomy":"category","embeddable":true,"href":"https:\/\/alminutonoticia.com\/noticias\/wp-json\/wp\/v2\/categories?post=13710"},{"taxonomy":"post_tag","embeddable":true,"href":"https:\/\/alminutonoticia.com\/noticias\/wp-json\/wp\/v2\/tags?post=13710"}],"curies":[{"name":"wp","href":"https:\/\/api.w.org\/{rel}","templated":true}]}}