{"id":13703,"date":"2025-02-06T04:19:14","date_gmt":"2025-02-06T04:19:14","guid":{"rendered":"https:\/\/alminutonoticia.com\/noticias\/?p=13703"},"modified":"2025-02-06T04:19:15","modified_gmt":"2025-02-06T04:19:15","slug":"el-festival-carnavalistico-2025-sera-en-la-cinta-costera-prometen-mucha-diversion","status":"publish","type":"post","link":"https:\/\/alminutonoticia.com\/noticias\/el-festival-carnavalistico-2025-sera-en-la-cinta-costera-prometen-mucha-diversion\/","title":{"rendered":"El \u2018Festival Carnaval\u00edstico 2025\u2019 ser\u00e1 en la Cinta Costera, prometen mucha diversi\u00f3n"},"content":{"rendered":"\n<p>La capital paname\u00f1a ya calienta motores para disfrutar del \u2018Festival Carnaval\u00edstico 2025\u2019, una celebraci\u00f3n que promete ser inolvidable y que, seg\u00fan confirm\u00f3 el alcalde Mayer Mizrachi, no tendr\u00e1 ning\u00fan costo para el gobierno.<\/p>\n\n\n\n<p>\u201cEsto no estaba en nuestros planes ni presupuestos, pero la empresa privada dio el paso al frente para que el pueblo no se quede sin carnaval\u201d, destac\u00f3 Mizrachi.<\/p>\n\n\n\n<p>El evento se llevar\u00e1 a cabo del 28 de febrero al 4 de marzo en la Cinta Costera. Aramis Cornejo, coordinador del evento, inform\u00f3 que todo comenzar\u00e1 con un gran show de apertura el viernes 28, seguido de actividades diurnas y nocturnas durante los cuatro d\u00edas siguientes.<\/p>\n\n\n\n<p>\u201cVamos a tener culecos en la ma\u00f1ana y espect\u00e1culos con artistas locales e internacionales en las noches. Esperamos reunir a m\u00e1s de 100 mil personas y la entrada ser\u00e1 completamente gratis\u201d, asegur\u00f3 Cornejo.<\/p>\n\n\n\n<p>El director de Operaciones de la Polic\u00eda Nacional, Edgardo N\u00fa\u00f1ez, explic\u00f3 que se desplegar\u00e1n 6,800 unidades policiales para velar por la seguridad del evento.<\/p>\n\n\n\n<p>\u201cHemos definido seis puntos de entrada y cinco de salida. Nadie podr\u00e1 ingresar con armas, envases de vidrio, fuegos artificiales o sustancias il\u00edcitas\u201d, subray\u00f3 N\u00fa\u00f1ez.<\/p>\n\n\n\n<p>Se estima que esta fiesta inyectar\u00e1 m\u00e1s de 30 millones de d\u00f3lares en la econom\u00eda local, beneficiando a vendedores, restaurantes, hoteles y peque\u00f1os negocios.<\/p>\n\n\n\n<p>\u201cEl carnaval mueve la econom\u00eda de todos. Desde el vendedor de raspados hasta el hotelero m\u00e1s grande. Es una oportunidad para todos\u201d, afirm\u00f3 Cornejo.<\/p>\n\n\n\n<p>Los organizadores invitan a m\u00e1s empresas a sumarse como patrocinadores y recalcaron que @festivalcarnavalistico ser\u00e1 el canal oficial para novedades del evento.<\/p>\n\n\n\n<p>\u201cEsto lo hacemos por el pueblo. Panam\u00e1 se merece unos carnavales a lo grande\u201d, concluy\u00f3 Mizrachi.<\/p>\n\n\n\n<figure class=\"wp-block-image size-full\"><a href=\"https:\/\/alminutonoticia.com\/noticias\/wp-content\/uploads\/2025\/02\/mayersito.jpeg\"><img fetchpriority=\"high\" decoding=\"async\" width=\"770\" height=\"470\" src=\"https:\/\/alminutonoticia.com\/noticias\/wp-content\/uploads\/2025\/02\/mayersito.jpeg\" alt=\"\" class=\"wp-image-13704\" title=\"\" srcset=\"https:\/\/alminutonoticia.com\/noticias\/wp-content\/uploads\/2025\/02\/mayersito.jpeg 770w, https:\/\/alminutonoticia.com\/noticias\/wp-content\/uploads\/2025\/02\/mayersito-300x183.jpeg 300w, https:\/\/alminutonoticia.com\/noticias\/wp-content\/uploads\/2025\/02\/mayersito-768x469.jpeg 768w\" sizes=\"(max-width: 770px) 100vw, 770px\" \/><\/a><\/figure>\n","protected":false},"excerpt":{"rendered":"<p>La capital paname\u00f1a ya calienta motores para disfrutar del \u2018Festival Carnaval\u00edstico 2025\u2019, una celebraci\u00f3n que promete ser inolvidable y que, seg\u00fan confirm\u00f3 el alcalde Mayer Mizrachi, no tendr\u00e1 ning\u00fan costo para el gobierno. \u201cEsto no estaba en nuestros planes ni presupuestos, pero la empresa privada dio el paso al frente para que el pueblo no [&hellip;]<\/p>\n","protected":false},"author":3,"featured_media":13704,"comment_status":"open","ping_status":"open","sticky":false,"template":"","format":"standard","meta":{"footnotes":""},"categories":[36],"tags":[],"class_list":["post-13703","post","type-post","status-publish","format-standard","has-post-thumbnail","hentry","category-nacionales"],"_links":{"self":[{"href":"https:\/\/alminutonoticia.com\/noticias\/wp-json\/wp\/v2\/posts\/13703","targetHints":{"allow":["GET"]}}],"collection":[{"href":"https:\/\/alminutonoticia.com\/noticias\/wp-json\/wp\/v2\/posts"}],"about":[{"href":"https:\/\/alminutonoticia.com\/noticias\/wp-json\/wp\/v2\/types\/post"}],"author":[{"embeddable":true,"href":"https:\/\/alminutonoticia.com\/noticias\/wp-json\/wp\/v2\/users\/3"}],"replies":[{"embeddable":true,"href":"https:\/\/alminutonoticia.com\/noticias\/wp-json\/wp\/v2\/comments?post=13703"}],"version-history":[{"count":1,"href":"https:\/\/alminutonoticia.com\/noticias\/wp-json\/wp\/v2\/posts\/13703\/revisions"}],"predecessor-version":[{"id":13705,"href":"https:\/\/alminutonoticia.com\/noticias\/wp-json\/wp\/v2\/posts\/13703\/revisions\/13705"}],"wp:featuredmedia":[{"embeddable":true,"href":"https:\/\/alminutonoticia.com\/noticias\/wp-json\/wp\/v2\/media\/13704"}],"wp:attachment":[{"href":"https:\/\/alminutonoticia.com\/noticias\/wp-json\/wp\/v2\/media?parent=13703"}],"wp:term":[{"taxonomy":"category","embeddable":true,"href":"https:\/\/alminutonoticia.com\/noticias\/wp-json\/wp\/v2\/categories?post=13703"},{"taxonomy":"post_tag","embeddable":true,"href":"https:\/\/alminutonoticia.com\/noticias\/wp-json\/wp\/v2\/tags?post=13703"}],"curies":[{"name":"wp","href":"https:\/\/api.w.org\/{rel}","templated":true}]}}