{"id":13700,"date":"2025-02-06T04:18:06","date_gmt":"2025-02-06T04:18:06","guid":{"rendered":"https:\/\/alminutonoticia.com\/noticias\/?p=13700"},"modified":"2025-02-06T04:18:08","modified_gmt":"2025-02-06T04:18:08","slug":"maduro-tilda-de-imbecil-al-canciller-panameno-martinez-acha-este-le-responde-diplomaticamente","status":"publish","type":"post","link":"https:\/\/alminutonoticia.com\/noticias\/maduro-tilda-de-imbecil-al-canciller-panameno-martinez-acha-este-le-responde-diplomaticamente\/","title":{"rendered":"Maduro tilda de imb\u00e9cil al canciller paname\u00f1o Mart\u00ednez-Acha\u2026 Este le responde diplom\u00e1ticamente"},"content":{"rendered":"\n<p>El presidente de Venezuela, Nicol\u00e1s Maduro, lanz\u00f3 fuertes cr\u00edticas este martes contra el ministro de Relaciones Exteriores de Panam\u00e1, Javier Mart\u00ednez-Acha, en un acto p\u00fablico celebrado en Caracas. Durante su discurso, Maduro afirm\u00f3 que el canciller paname\u00f1o no defiende el Canal de Panam\u00e1 frente a recientes declaraciones del mandatario estadounidense Donald Trump, quien insinu\u00f3 la posibilidad de \u00abrecuperarlo\u00bb.<\/p>\n\n\n\n<p>En sus declaraciones, Maduro asegur\u00f3 que Mart\u00ednez-Acha \u00abse baj\u00f3 los pantalones\u00bb durante la visita oficial del secretario de Estado de Estados Unidos, Marco Rubio, a Panam\u00e1. Seg\u00fan el l\u00edder venezolano, el gobierno paname\u00f1o habr\u00eda acordado no renovar un convenio comercial con China y colaborar con la Marina estadounidense para garantizar el tr\u00e1nsito de sus buques por el canal interoce\u00e1nico.<\/p>\n\n\n\n<p>\u00ab\u00bfD\u00f3nde est\u00e1 ese imb\u00e9cil? \u00bfC\u00f3mo se llama el imb\u00e9cil del canciller paname\u00f1o?\u00bb, expres\u00f3 Maduro en tono despectivo, mientras recordaba la reuni\u00f3n entre el diplom\u00e1tico paname\u00f1o y Rubio.<\/p>\n\n\n\n<p>Adem\u00e1s, el mandatario venezolano se burl\u00f3 de unas declaraciones anteriores de Mart\u00ednez-Acha, quien hab\u00eda anticipado \u00abuna gran sorpresa\u00bb en relaci\u00f3n con Venezuela. Maduro interpret\u00f3 esa declaraci\u00f3n como una referencia a su investidura para un tercer mandato presidencial, llevada a cabo en enero.<\/p>\n\n\n\n<p>Ante los comentarios, el canciller paname\u00f1o emiti\u00f3 un breve comunicado en el que evit\u00f3 entrar en pol\u00e9micas. \u00abPanam\u00e1 es un pa\u00eds democr\u00e1tico y respetuoso del derecho internacional. No responderemos a insultos personales, pero reiteramos nuestro compromiso con los valores de la democracia, el respeto a los derechos humanos y la paz en la regi\u00f3n\u00bb, afirm\u00f3 Mart\u00ednez-Acha.<\/p>\n\n\n\n<p>La postura del gobierno paname\u00f1o se mantiene firme en no reconocer el tercer mandato de Maduro, tras unas elecciones que han sido ampliamente cuestionadas tanto por la oposici\u00f3n venezolana como por la comunidad internacional.<\/p>\n\n\n\n<figure class=\"wp-block-image size-full\"><a href=\"https:\/\/alminutonoticia.com\/noticias\/wp-content\/uploads\/2025\/02\/nicos-770x470-1.jpeg\"><img fetchpriority=\"high\" decoding=\"async\" width=\"770\" height=\"470\" src=\"https:\/\/alminutonoticia.com\/noticias\/wp-content\/uploads\/2025\/02\/nicos-770x470-1.jpeg\" alt=\"\" class=\"wp-image-13701\" title=\"\" srcset=\"https:\/\/alminutonoticia.com\/noticias\/wp-content\/uploads\/2025\/02\/nicos-770x470-1.jpeg 770w, https:\/\/alminutonoticia.com\/noticias\/wp-content\/uploads\/2025\/02\/nicos-770x470-1-300x183.jpeg 300w, https:\/\/alminutonoticia.com\/noticias\/wp-content\/uploads\/2025\/02\/nicos-770x470-1-768x469.jpeg 768w\" sizes=\"(max-width: 770px) 100vw, 770px\" \/><\/a><\/figure>\n","protected":false},"excerpt":{"rendered":"<p>El presidente de Venezuela, Nicol\u00e1s Maduro, lanz\u00f3 fuertes cr\u00edticas este martes contra el ministro de Relaciones Exteriores de Panam\u00e1, Javier Mart\u00ednez-Acha, en un acto p\u00fablico celebrado en Caracas. Durante su discurso, Maduro afirm\u00f3 que el canciller paname\u00f1o no defiende el Canal de Panam\u00e1 frente a recientes declaraciones del mandatario estadounidense Donald Trump, quien insinu\u00f3 la [&hellip;]<\/p>\n","protected":false},"author":3,"featured_media":13701,"comment_status":"open","ping_status":"open","sticky":false,"template":"","format":"standard","meta":{"footnotes":""},"categories":[36],"tags":[],"class_list":["post-13700","post","type-post","status-publish","format-standard","has-post-thumbnail","hentry","category-nacionales"],"_links":{"self":[{"href":"https:\/\/alminutonoticia.com\/noticias\/wp-json\/wp\/v2\/posts\/13700","targetHints":{"allow":["GET"]}}],"collection":[{"href":"https:\/\/alminutonoticia.com\/noticias\/wp-json\/wp\/v2\/posts"}],"about":[{"href":"https:\/\/alminutonoticia.com\/noticias\/wp-json\/wp\/v2\/types\/post"}],"author":[{"embeddable":true,"href":"https:\/\/alminutonoticia.com\/noticias\/wp-json\/wp\/v2\/users\/3"}],"replies":[{"embeddable":true,"href":"https:\/\/alminutonoticia.com\/noticias\/wp-json\/wp\/v2\/comments?post=13700"}],"version-history":[{"count":1,"href":"https:\/\/alminutonoticia.com\/noticias\/wp-json\/wp\/v2\/posts\/13700\/revisions"}],"predecessor-version":[{"id":13702,"href":"https:\/\/alminutonoticia.com\/noticias\/wp-json\/wp\/v2\/posts\/13700\/revisions\/13702"}],"wp:featuredmedia":[{"embeddable":true,"href":"https:\/\/alminutonoticia.com\/noticias\/wp-json\/wp\/v2\/media\/13701"}],"wp:attachment":[{"href":"https:\/\/alminutonoticia.com\/noticias\/wp-json\/wp\/v2\/media?parent=13700"}],"wp:term":[{"taxonomy":"category","embeddable":true,"href":"https:\/\/alminutonoticia.com\/noticias\/wp-json\/wp\/v2\/categories?post=13700"},{"taxonomy":"post_tag","embeddable":true,"href":"https:\/\/alminutonoticia.com\/noticias\/wp-json\/wp\/v2\/tags?post=13700"}],"curies":[{"name":"wp","href":"https:\/\/api.w.org\/{rel}","templated":true}]}}