{"id":13694,"date":"2025-02-06T04:13:59","date_gmt":"2025-02-06T04:13:59","guid":{"rendered":"https:\/\/alminutonoticia.com\/noticias\/?p=13694"},"modified":"2025-02-06T04:14:01","modified_gmt":"2025-02-06T04:14:01","slug":"ordenan-medidas-cautelares-a-dos-ciudadanos-por-el-delito-de-lesiones-personales-en-protesta-universitaria","status":"publish","type":"post","link":"https:\/\/alminutonoticia.com\/noticias\/ordenan-medidas-cautelares-a-dos-ciudadanos-por-el-delito-de-lesiones-personales-en-protesta-universitaria\/","title":{"rendered":"Ordenan medidas cautelares a dos ciudadanos por el delito de lesiones personales en protesta universitaria"},"content":{"rendered":"\n<p>El juez de garant\u00edas del Primer Circuito Judicial de Panam\u00e1,<strong>&nbsp;Ferm\u00edn Bonilla,&nbsp;<\/strong>decret\u00f3 las medidas cautelares personales de reporte peri\u00f3dico ante el Ministerio P\u00fablico, prohibici\u00f3n de salida del pa\u00eds y de acercarse a la v\u00edctima (unidad policial), contra Pedro Silva de 43 a\u00f1os y Tamara Garc\u00eda de 22 a\u00f1os, imputados por la supuesta comisi\u00f3n de los delitos contra la vida y la integridad personal, en la modalidad de lesiones personales, y contra la administraci\u00f3n p\u00fablica, en su modalidad de obstaculizar la labor policial.<\/p>\n\n\n\n<p>En la audiencia, celebrada este martes 4 de febrero, el juez de garant\u00edas, luego de escuchar los argumentos tanto del Ministerio P\u00fablico como de las defensas t\u00e9cnicas particulares, bas\u00f3 su decisi\u00f3n de aplicar las medidas cautelares personales, por considerarlas necesarias y proporcionales a la naturaleza del hecho, aunado a los riesgos procesales del caso.<\/p>\n\n\n\n<p>Previamente, se declar\u00f3 legal la aprehensi\u00f3n de Silva y se declar\u00f3 ilegal la de Garc\u00eda, la fiscal Lorenza Guti\u00e9rrez, en representaci\u00f3n del Ministerio P\u00fablico, present\u00f3 la formulaci\u00f3n de imputaci\u00f3n de cargos. Los imputados contaron con la asistencia legal de los defensores t\u00e9cnicos particulares, Jorge Casta\u00f1eda y Alfredo Gonz\u00e1lez. La defensa de las v\u00edctimas del delito estuvo representada por el licenciado Jos\u00e9 Luis Guerra, del departamento de asesor\u00eda legal de la Polic\u00eda Nacional.<\/p>\n\n\n\n<p>En el acto de audiencia el Ministerio Fiscal y la defensa de v\u00edctimas del delito anunciaron recurso de apelaci\u00f3n a la decisi\u00f3n decretada por el juez de garant\u00edas. La audiencia ante el Tribunal Superior de Apelaciones fue fijada para el 12 de febrero, a las 2:00 p.m., sala n\u00famero dos en Plaza Fortuna.<\/p>\n\n\n\n<p>Esta causa se origin\u00f3 el pasado viernes 31 de enero, durante una protesta universitaria en la v\u00eda Trans\u00edstmica.<\/p>\n\n\n\n<p>La ma\u00f1ana de este 4 de febrero, la Universidad de Panam\u00e1, a trav\u00e9s de la Defensor\u00eda de los Derechos de los Universitarios, present\u00f3 formalmente una denuncia ante el Ministerio P\u00fablico contra la&nbsp;<strong>Polic\u00eda Nacional<\/strong>&nbsp;por abuso de autoridad, violaci\u00f3n de la autonom\u00eda universitaria y restricci\u00f3n del libre tr\u00e1nsito.<\/p>\n\n\n\n<figure class=\"wp-block-image size-full\"><a href=\"https:\/\/alminutonoticia.com\/noticias\/wp-content\/uploads\/2025\/02\/unive-770x470-1.jpeg\"><img fetchpriority=\"high\" decoding=\"async\" width=\"770\" height=\"470\" src=\"https:\/\/alminutonoticia.com\/noticias\/wp-content\/uploads\/2025\/02\/unive-770x470-1.jpeg\" alt=\"\" class=\"wp-image-13695\" title=\"\" srcset=\"https:\/\/alminutonoticia.com\/noticias\/wp-content\/uploads\/2025\/02\/unive-770x470-1.jpeg 770w, https:\/\/alminutonoticia.com\/noticias\/wp-content\/uploads\/2025\/02\/unive-770x470-1-300x183.jpeg 300w, https:\/\/alminutonoticia.com\/noticias\/wp-content\/uploads\/2025\/02\/unive-770x470-1-768x469.jpeg 768w\" sizes=\"(max-width: 770px) 100vw, 770px\" \/><\/a><\/figure>\n","protected":false},"excerpt":{"rendered":"<p>El juez de garant\u00edas del Primer Circuito Judicial de Panam\u00e1,&nbsp;Ferm\u00edn Bonilla,&nbsp;decret\u00f3 las medidas cautelares personales de reporte peri\u00f3dico ante el Ministerio P\u00fablico, prohibici\u00f3n de salida del pa\u00eds y de acercarse a la v\u00edctima (unidad policial), contra Pedro Silva de 43 a\u00f1os y Tamara Garc\u00eda de 22 a\u00f1os, imputados por la supuesta comisi\u00f3n de los delitos [&hellip;]<\/p>\n","protected":false},"author":3,"featured_media":13695,"comment_status":"open","ping_status":"open","sticky":false,"template":"","format":"standard","meta":{"footnotes":""},"categories":[36],"tags":[],"class_list":["post-13694","post","type-post","status-publish","format-standard","has-post-thumbnail","hentry","category-nacionales"],"_links":{"self":[{"href":"https:\/\/alminutonoticia.com\/noticias\/wp-json\/wp\/v2\/posts\/13694","targetHints":{"allow":["GET"]}}],"collection":[{"href":"https:\/\/alminutonoticia.com\/noticias\/wp-json\/wp\/v2\/posts"}],"about":[{"href":"https:\/\/alminutonoticia.com\/noticias\/wp-json\/wp\/v2\/types\/post"}],"author":[{"embeddable":true,"href":"https:\/\/alminutonoticia.com\/noticias\/wp-json\/wp\/v2\/users\/3"}],"replies":[{"embeddable":true,"href":"https:\/\/alminutonoticia.com\/noticias\/wp-json\/wp\/v2\/comments?post=13694"}],"version-history":[{"count":1,"href":"https:\/\/alminutonoticia.com\/noticias\/wp-json\/wp\/v2\/posts\/13694\/revisions"}],"predecessor-version":[{"id":13696,"href":"https:\/\/alminutonoticia.com\/noticias\/wp-json\/wp\/v2\/posts\/13694\/revisions\/13696"}],"wp:featuredmedia":[{"embeddable":true,"href":"https:\/\/alminutonoticia.com\/noticias\/wp-json\/wp\/v2\/media\/13695"}],"wp:attachment":[{"href":"https:\/\/alminutonoticia.com\/noticias\/wp-json\/wp\/v2\/media?parent=13694"}],"wp:term":[{"taxonomy":"category","embeddable":true,"href":"https:\/\/alminutonoticia.com\/noticias\/wp-json\/wp\/v2\/categories?post=13694"},{"taxonomy":"post_tag","embeddable":true,"href":"https:\/\/alminutonoticia.com\/noticias\/wp-json\/wp\/v2\/tags?post=13694"}],"curies":[{"name":"wp","href":"https:\/\/api.w.org\/{rel}","templated":true}]}}