{"id":1369,"date":"2023-02-27T09:02:11","date_gmt":"2023-02-27T09:02:11","guid":{"rendered":"https:\/\/alminutonoticia.com\/noticias\/?p=1369"},"modified":"2023-02-27T09:02:11","modified_gmt":"2023-02-27T09:02:11","slug":"abrego-y-martinelli-piden-el-voto%c2%a8el-cambio-es-ya%c2%a8-pisa-el-aceledaror-en-busqueda-del-triunfo","status":"publish","type":"post","link":"https:\/\/alminutonoticia.com\/noticias\/abrego-y-martinelli-piden-el-voto%c2%a8el-cambio-es-ya%c2%a8-pisa-el-aceledaror-en-busqueda-del-triunfo\/","title":{"rendered":"Abrego y Martinelli piden el voto\u2026<br>\u00a8EL CAMBIO ES YA\u00a8 PISA EL ACELEDAROR EN B\u00daSQUEDA DEL TRIUNFO"},"content":{"rendered":"\n<p>Una intensa gira efect\u00faa la n\u00f3mina \u00a8El Cambio es Ya\u00a8 que lidera la diputada Yanibel Abrego desde este jueves en Chiriqu\u00ed, viernes en La Comarca Ng\u00e4be Bugl\u00e9 y Changuinola, en Bocas del Toro, s\u00e1bado en Penonom\u00e9 y Domingo estar\u00e1 en La Pintada, acompa\u00f1ada del ex presidente Ricardo Martinelli, as\u00ed como de los candidatos a las secretarias de Mujer y Juventud Nadine Gonz\u00e1lez y Erick Echeverr\u00eda.<\/p>\n\n\n\n<p>Durante el recorrido Yanibel Abrego pidi\u00f3 el voto para ambos candidatos y para todos los convencionales del \u00a8Cambio es Ya\u00a8, para sacar al orej\u00f3n que no escucha a las bases del partido, iniciando con las elecciones del CD el 19 de marzo y, posteriormente, en julio con el cambio de la nueva Junta Directiva.<\/p>\n\n\n\n<p>Nuestra Alianza ser\u00e1 con Realzando Metas y con el ex presidente Ricardo Martinelli, quien demostr\u00f3 que hizo el mejor gobierno de la historia de Panam\u00e1. \u00a8Nunca nuestra podr\u00e1 ser con los paname\u00f1istas, que adem\u00e1s de ser los verdugos de Martinelli destruyeron este pa\u00eds\u00a8, afirm\u00f3 Abrego quien adem\u00e1s destac\u00f3 todas las obras que se impulsaron durante la gesti\u00f3n de Martinelli.<\/p>\n\n\n\n<p>Abrego pidi\u00f3 el voto para los candidatos Nadine Gonz\u00e1lez y Dereck Echeverr\u00eda, quienes actualmente son alcaldes en Dari\u00e9n y Bocas del Toro: \u00a8No queremos personas que s\u00f3lo figuran en las redes sociales, hacen Tik Toky nunca han trabajado ni para la juventud ni para las mujeres del partido\u00a8.<\/p>\n\n\n\n<p>Por su parte, Ricardo Martinelli, concuerda con Abrego de que la alianza ser\u00e1 con CD una vez salga el \u00a8Orej\u00f3n\u00a8 del partido que \u00e9l fund\u00f3; Martinelli lo calific\u00f3 de traidor y un malagradecido que no sabe hacer nada. El ex presidente recalc\u00f3 las obras que desarrollara y que dar\u00e1 a conocer una vez inicie su campa\u00f1a en abril pr\u00f3ximo; como las becas universitarias, el bono escolar y entre otrois la ampliaci\u00f3n de la Beca Universal.<\/p>\n\n\n\n<figure class=\"wp-block-image size-full\"><a href=\"https:\/\/alminutonoticia.com\/noticias\/wp-content\/uploads\/2023\/02\/WhatsApp-Image-2023-02-25-at-4.37.19-PM-2.jpeg\"><img fetchpriority=\"high\" decoding=\"async\" width=\"1024\" height=\"768\" src=\"https:\/\/alminutonoticia.com\/noticias\/wp-content\/uploads\/2023\/02\/WhatsApp-Image-2023-02-25-at-4.37.19-PM-2.jpeg\" alt=\"\" class=\"wp-image-1370\" title=\"\" srcset=\"https:\/\/alminutonoticia.com\/noticias\/wp-content\/uploads\/2023\/02\/WhatsApp-Image-2023-02-25-at-4.37.19-PM-2.jpeg 1024w, https:\/\/alminutonoticia.com\/noticias\/wp-content\/uploads\/2023\/02\/WhatsApp-Image-2023-02-25-at-4.37.19-PM-2-300x225.jpeg 300w, https:\/\/alminutonoticia.com\/noticias\/wp-content\/uploads\/2023\/02\/WhatsApp-Image-2023-02-25-at-4.37.19-PM-2-768x576.jpeg 768w\" sizes=\"(max-width: 1024px) 100vw, 1024px\" \/><\/a><\/figure>\n\n\n\n<figure class=\"wp-block-image size-full\"><a href=\"https:\/\/alminutonoticia.com\/noticias\/wp-content\/uploads\/2023\/02\/WhatsApp-Image-2023-02-25-at-4.37.19-PM-1.jpeg\"><img decoding=\"async\" width=\"1024\" height=\"768\" src=\"https:\/\/alminutonoticia.com\/noticias\/wp-content\/uploads\/2023\/02\/WhatsApp-Image-2023-02-25-at-4.37.19-PM-1.jpeg\" alt=\"\" class=\"wp-image-1371\" title=\"\" srcset=\"https:\/\/alminutonoticia.com\/noticias\/wp-content\/uploads\/2023\/02\/WhatsApp-Image-2023-02-25-at-4.37.19-PM-1.jpeg 1024w, https:\/\/alminutonoticia.com\/noticias\/wp-content\/uploads\/2023\/02\/WhatsApp-Image-2023-02-25-at-4.37.19-PM-1-300x225.jpeg 300w, https:\/\/alminutonoticia.com\/noticias\/wp-content\/uploads\/2023\/02\/WhatsApp-Image-2023-02-25-at-4.37.19-PM-1-768x576.jpeg 768w\" sizes=\"(max-width: 1024px) 100vw, 1024px\" \/><\/a><\/figure>\n\n\n\n<figure class=\"wp-block-image size-full\"><a href=\"https:\/\/alminutonoticia.com\/noticias\/wp-content\/uploads\/2023\/02\/WhatsApp-Image-2023-02-25-at-4.37.19-PM.jpeg\"><img decoding=\"async\" width=\"1024\" height=\"768\" src=\"https:\/\/alminutonoticia.com\/noticias\/wp-content\/uploads\/2023\/02\/WhatsApp-Image-2023-02-25-at-4.37.19-PM.jpeg\" alt=\"\" class=\"wp-image-1372\" title=\"\" srcset=\"https:\/\/alminutonoticia.com\/noticias\/wp-content\/uploads\/2023\/02\/WhatsApp-Image-2023-02-25-at-4.37.19-PM.jpeg 1024w, https:\/\/alminutonoticia.com\/noticias\/wp-content\/uploads\/2023\/02\/WhatsApp-Image-2023-02-25-at-4.37.19-PM-300x225.jpeg 300w, https:\/\/alminutonoticia.com\/noticias\/wp-content\/uploads\/2023\/02\/WhatsApp-Image-2023-02-25-at-4.37.19-PM-768x576.jpeg 768w\" sizes=\"(max-width: 1024px) 100vw, 1024px\" \/><\/a><\/figure>\n","protected":false},"excerpt":{"rendered":"<p>Una intensa gira efect\u00faa la n\u00f3mina \u00a8El Cambio es Ya\u00a8 que lidera la diputada Yanibel Abrego desde este jueves en Chiriqu\u00ed, viernes en La Comarca Ng\u00e4be Bugl\u00e9 y Changuinola, en Bocas del Toro, s\u00e1bado en Penonom\u00e9 y Domingo estar\u00e1 en La Pintada, acompa\u00f1ada del ex presidente Ricardo Martinelli, as\u00ed como de los candidatos a las [&hellip;]<\/p>\n","protected":false},"author":3,"featured_media":1371,"comment_status":"open","ping_status":"open","sticky":false,"template":"","format":"standard","meta":{"footnotes":""},"categories":[36,37],"tags":[],"class_list":["post-1369","post","type-post","status-publish","format-standard","has-post-thumbnail","hentry","category-nacionales","category-politica"],"_links":{"self":[{"href":"https:\/\/alminutonoticia.com\/noticias\/wp-json\/wp\/v2\/posts\/1369","targetHints":{"allow":["GET"]}}],"collection":[{"href":"https:\/\/alminutonoticia.com\/noticias\/wp-json\/wp\/v2\/posts"}],"about":[{"href":"https:\/\/alminutonoticia.com\/noticias\/wp-json\/wp\/v2\/types\/post"}],"author":[{"embeddable":true,"href":"https:\/\/alminutonoticia.com\/noticias\/wp-json\/wp\/v2\/users\/3"}],"replies":[{"embeddable":true,"href":"https:\/\/alminutonoticia.com\/noticias\/wp-json\/wp\/v2\/comments?post=1369"}],"version-history":[{"count":1,"href":"https:\/\/alminutonoticia.com\/noticias\/wp-json\/wp\/v2\/posts\/1369\/revisions"}],"predecessor-version":[{"id":1373,"href":"https:\/\/alminutonoticia.com\/noticias\/wp-json\/wp\/v2\/posts\/1369\/revisions\/1373"}],"wp:featuredmedia":[{"embeddable":true,"href":"https:\/\/alminutonoticia.com\/noticias\/wp-json\/wp\/v2\/media\/1371"}],"wp:attachment":[{"href":"https:\/\/alminutonoticia.com\/noticias\/wp-json\/wp\/v2\/media?parent=1369"}],"wp:term":[{"taxonomy":"category","embeddable":true,"href":"https:\/\/alminutonoticia.com\/noticias\/wp-json\/wp\/v2\/categories?post=1369"},{"taxonomy":"post_tag","embeddable":true,"href":"https:\/\/alminutonoticia.com\/noticias\/wp-json\/wp\/v2\/tags?post=1369"}],"curies":[{"name":"wp","href":"https:\/\/api.w.org\/{rel}","templated":true}]}}