{"id":13688,"date":"2025-02-06T04:10:38","date_gmt":"2025-02-06T04:10:38","guid":{"rendered":"https:\/\/alminutonoticia.com\/noticias\/?p=13688"},"modified":"2025-02-06T04:10:39","modified_gmt":"2025-02-06T04:10:39","slug":"otro-alto-funcionario-de-estados-unidos-visitara-panama-en-abril","status":"publish","type":"post","link":"https:\/\/alminutonoticia.com\/noticias\/otro-alto-funcionario-de-estados-unidos-visitara-panama-en-abril\/","title":{"rendered":"Otro alto funcionario de Estados Unidos visitar\u00e1 Panam\u00e1 en abril"},"content":{"rendered":"\n<p>El ministro de Seguridad,&nbsp;<strong>Frank \u00c1brego,<\/strong>&nbsp;inform\u00f3 que en las pr\u00f3ximas semanas Panam\u00e1 recibir\u00e1 la visita de un alto funcionario del Gobierno estadounidense, como parte de los esfuerzos conjuntos en materia de seguridad y cooperaci\u00f3n hemisf\u00e9rica.<\/p>\n\n\n\n<p><strong>\u00c1brego<\/strong>&nbsp;detall\u00f3 que sostuvo una conversaci\u00f3n telef\u00f3nica con el secretario de Defensa de Estados Unidos, Pete Hegseth, este 4 de febrero. Durante el intercambio, ambas partes reafirmaron su compromiso en la lucha contra amenazas como el narcoterrorismo y la migraci\u00f3n irregular.<\/p>\n\n\n\n<p>\u00abSe espera llegar a importantes acuerdos que impactar\u00e1n positivamente en la regi\u00f3n como socios estrat\u00e9gicos\u00bb, destac\u00f3 el ministro paname\u00f1o.<\/p>\n\n\n\n<p>Adem\u00e1s, revel\u00f3 que ya se estableci\u00f3 una visita oficial para el mes de abril. Esta ser\u00eda la segunda reuni\u00f3n de alto nivel entre ambos pa\u00edses en lo que va del a\u00f1o, luego de que el secretario de Estado, Marco Rubio, estuviera en territorio paname\u00f1o del&nbsp;<strong>1 al 3 de febrero.<\/strong><\/p>\n\n\n\n<p><strong>Panam\u00e1 y Estados Unidos<\/strong>&nbsp;han mantenido una estrecha colaboraci\u00f3n en temas de seguridad, siendo esta visita un paso adicional para consolidar estrategias en beneficio de la regi\u00f3n.<\/p>\n\n\n\n<figure class=\"wp-block-image size-full\"><a href=\"https:\/\/alminutonoticia.com\/noticias\/wp-content\/uploads\/2025\/02\/defesna-770x470-1.jpg\"><img fetchpriority=\"high\" decoding=\"async\" width=\"770\" height=\"470\" src=\"https:\/\/alminutonoticia.com\/noticias\/wp-content\/uploads\/2025\/02\/defesna-770x470-1.jpg\" alt=\"\" class=\"wp-image-13689\" title=\"\" srcset=\"https:\/\/alminutonoticia.com\/noticias\/wp-content\/uploads\/2025\/02\/defesna-770x470-1.jpg 770w, https:\/\/alminutonoticia.com\/noticias\/wp-content\/uploads\/2025\/02\/defesna-770x470-1-300x183.jpg 300w, https:\/\/alminutonoticia.com\/noticias\/wp-content\/uploads\/2025\/02\/defesna-770x470-1-768x469.jpg 768w\" sizes=\"(max-width: 770px) 100vw, 770px\" \/><\/a><\/figure>\n\n\n\n<p><a href=\"https:\/\/informatpanama.com\/author\/redaccionit\/\" target=\"_blank\" rel=\"noopener\"><\/a><\/p>\n","protected":false},"excerpt":{"rendered":"<p>El ministro de Seguridad,&nbsp;Frank \u00c1brego,&nbsp;inform\u00f3 que en las pr\u00f3ximas semanas Panam\u00e1 recibir\u00e1 la visita de un alto funcionario del Gobierno estadounidense, como parte de los esfuerzos conjuntos en materia de seguridad y cooperaci\u00f3n hemisf\u00e9rica. \u00c1brego&nbsp;detall\u00f3 que sostuvo una conversaci\u00f3n telef\u00f3nica con el secretario de Defensa de Estados Unidos, Pete Hegseth, este 4 de febrero. Durante [&hellip;]<\/p>\n","protected":false},"author":3,"featured_media":13689,"comment_status":"open","ping_status":"open","sticky":false,"template":"","format":"standard","meta":{"footnotes":""},"categories":[36,39],"tags":[],"class_list":["post-13688","post","type-post","status-publish","format-standard","has-post-thumbnail","hentry","category-nacionales","category-internacionales"],"_links":{"self":[{"href":"https:\/\/alminutonoticia.com\/noticias\/wp-json\/wp\/v2\/posts\/13688","targetHints":{"allow":["GET"]}}],"collection":[{"href":"https:\/\/alminutonoticia.com\/noticias\/wp-json\/wp\/v2\/posts"}],"about":[{"href":"https:\/\/alminutonoticia.com\/noticias\/wp-json\/wp\/v2\/types\/post"}],"author":[{"embeddable":true,"href":"https:\/\/alminutonoticia.com\/noticias\/wp-json\/wp\/v2\/users\/3"}],"replies":[{"embeddable":true,"href":"https:\/\/alminutonoticia.com\/noticias\/wp-json\/wp\/v2\/comments?post=13688"}],"version-history":[{"count":1,"href":"https:\/\/alminutonoticia.com\/noticias\/wp-json\/wp\/v2\/posts\/13688\/revisions"}],"predecessor-version":[{"id":13690,"href":"https:\/\/alminutonoticia.com\/noticias\/wp-json\/wp\/v2\/posts\/13688\/revisions\/13690"}],"wp:featuredmedia":[{"embeddable":true,"href":"https:\/\/alminutonoticia.com\/noticias\/wp-json\/wp\/v2\/media\/13689"}],"wp:attachment":[{"href":"https:\/\/alminutonoticia.com\/noticias\/wp-json\/wp\/v2\/media?parent=13688"}],"wp:term":[{"taxonomy":"category","embeddable":true,"href":"https:\/\/alminutonoticia.com\/noticias\/wp-json\/wp\/v2\/categories?post=13688"},{"taxonomy":"post_tag","embeddable":true,"href":"https:\/\/alminutonoticia.com\/noticias\/wp-json\/wp\/v2\/tags?post=13688"}],"curies":[{"name":"wp","href":"https:\/\/api.w.org\/{rel}","templated":true}]}}