{"id":13685,"date":"2025-02-05T03:58:11","date_gmt":"2025-02-05T03:58:11","guid":{"rendered":"https:\/\/alminutonoticia.com\/noticias\/?p=13685"},"modified":"2025-02-05T03:58:12","modified_gmt":"2025-02-05T03:58:12","slug":"los-embera-wounaan-solicitan-inclusion-en-el-tema-de-tarifas-a-turistas","status":"publish","type":"post","link":"https:\/\/alminutonoticia.com\/noticias\/los-embera-wounaan-solicitan-inclusion-en-el-tema-de-tarifas-a-turistas\/","title":{"rendered":"Los Ember\u00e1 Wounaan solicitan inclusi\u00f3n en el tema de tarifas a turistas"},"content":{"rendered":"\n<h1 class=\"wp-block-heading\"><br>Los Ember\u00e1 Wounaan solicitan inclusi\u00f3n en el tema de tarifas a turistas<\/h1>\n\n\n\n<ul class=\"wp-block-list\">\n<li><a href=\"https:\/\/informatpanama.com\/author\/redaccionit\/\" target=\"_blank\" rel=\"noopener\">Redacci\u00f3n IT<\/a><\/li>\n\n\n\n<li><a href=\"https:\/\/informatpanama.com\/2025\/02\/04\/\" target=\"_blank\" rel=\"noopener\">febrero 4, 2025<\/a><\/li>\n\n\n\n<li>2:26 pm<\/li>\n<\/ul>\n\n\n\n<p>El pleno de la Asamblea Nacional otorg\u00f3 cortes\u00eda de sala a representantes del Congreso General Ember\u00e1 Wounaan, de la cuenca hidrogr\u00e1fica del Canal de Panam\u00e1, los cuales dieron a conocer la situaci\u00f3n que atraviesan con respecto al cobro que efect\u00faa el Ministerio de Ambiente a los turistas que visitan las \u00e1reas del P<strong>arque Nacional Chagres.<\/strong><\/p>\n\n\n\n<p>En ese orden, el Cacique del congreso general Ember\u00e1 Wounaan entreg\u00f3, formalmente, la resoluci\u00f3n emitida por dicho organismo con respecto a la situaci\u00f3n actual con el tema tur\u00edstico y sus aspiraciones legales con MiAmbiente, adem\u00e1s, de la solicitud hecha al viceministro de Asuntos Ind\u00edgenas,&nbsp;<strong>Juli\u00e1n \u00c1guila,&nbsp;<\/strong>sobre la certificaci\u00f3n de las autoridades comarcales.<\/p>\n\n\n\n<p>La secretaria de Turismo de la zona comarcal Ember\u00e1 Wounaan,<strong>&nbsp;Andrea Lino<\/strong>, se\u00f1al\u00f3 que ellos generan ingresos para todo el pa\u00eds con el turismo que llega a sus comunidades, donde se les cobra a los nacionales y extranjeros que ingresan a la regi\u00f3n.<\/p>\n\n\n\n<p>Pidi\u00f3 a los diputados accionar en la discusi\u00f3n de un proyecto de ley que afrente el problema, pero, solicit\u00f3 que en las consultas ciudadanas que se efect\u00faen se tomen en cuenta a los pueblos originarios de la cuenca hidrogr\u00e1fica del canal de Panam\u00e1.<\/p>\n\n\n\n<p>Sobre este tema, el diputado Neftal\u00ed Zamora present\u00f3 ante el pleno un anteproyecto de ley que incluye a los pueblos ind\u00edgenas en el aprovechamiento de los recursos naturales de sus tierras.<\/p>\n\n\n\n<p>Zamora indic\u00f3 que a los nacionales se les cobra 4 d\u00f3lares para ingresar a estas zonas del parque nacional Chagres y a los extranjeros 20, generado miles de d\u00f3lares, anualmente, dinero que, afirm\u00f3, deber\u00eda ayudar al desarrollo de estas poblaciones originarias.<\/p>\n\n\n\n<p>El anteproyecto especifica que el Ministerio de Ambiente y el Sistema Nacional de \u00c1reas Protegidas deben incluir en su reglamentaci\u00f3n de tarifas, que se cobren por actividades de aprovechamiento de recursos naturales en tierras de comarca o pueblos ind\u00edgenas, as\u00ed como concesiones de administraci\u00f3n de \u00e1reas protegidas, el porcentaje de participaci\u00f3n econ\u00f3mica que recibir\u00e1 la comarca o pueblo originario.<\/p>\n\n\n\n<figure class=\"wp-block-image size-full\"><a href=\"https:\/\/alminutonoticia.com\/noticias\/wp-content\/uploads\/2025\/02\/emberas-770x470-1.jpeg\"><img fetchpriority=\"high\" decoding=\"async\" width=\"770\" height=\"470\" src=\"https:\/\/alminutonoticia.com\/noticias\/wp-content\/uploads\/2025\/02\/emberas-770x470-1.jpeg\" alt=\"\" class=\"wp-image-13686\" title=\"\" srcset=\"https:\/\/alminutonoticia.com\/noticias\/wp-content\/uploads\/2025\/02\/emberas-770x470-1.jpeg 770w, https:\/\/alminutonoticia.com\/noticias\/wp-content\/uploads\/2025\/02\/emberas-770x470-1-300x183.jpeg 300w, https:\/\/alminutonoticia.com\/noticias\/wp-content\/uploads\/2025\/02\/emberas-770x470-1-768x469.jpeg 768w\" sizes=\"(max-width: 770px) 100vw, 770px\" \/><\/a><\/figure>\n","protected":false},"excerpt":{"rendered":"<p>Los Ember\u00e1 Wounaan solicitan inclusi\u00f3n en el tema de tarifas a turistas El pleno de la Asamblea Nacional otorg\u00f3 cortes\u00eda de sala a representantes del Congreso General Ember\u00e1 Wounaan, de la cuenca hidrogr\u00e1fica del Canal de Panam\u00e1, los cuales dieron a conocer la situaci\u00f3n que atraviesan con respecto al cobro que efect\u00faa el Ministerio de [&hellip;]<\/p>\n","protected":false},"author":3,"featured_media":13686,"comment_status":"open","ping_status":"open","sticky":false,"template":"","format":"standard","meta":{"footnotes":""},"categories":[1],"tags":[],"class_list":["post-13685","post","type-post","status-publish","format-standard","has-post-thumbnail","hentry","category-sin-categoria"],"_links":{"self":[{"href":"https:\/\/alminutonoticia.com\/noticias\/wp-json\/wp\/v2\/posts\/13685","targetHints":{"allow":["GET"]}}],"collection":[{"href":"https:\/\/alminutonoticia.com\/noticias\/wp-json\/wp\/v2\/posts"}],"about":[{"href":"https:\/\/alminutonoticia.com\/noticias\/wp-json\/wp\/v2\/types\/post"}],"author":[{"embeddable":true,"href":"https:\/\/alminutonoticia.com\/noticias\/wp-json\/wp\/v2\/users\/3"}],"replies":[{"embeddable":true,"href":"https:\/\/alminutonoticia.com\/noticias\/wp-json\/wp\/v2\/comments?post=13685"}],"version-history":[{"count":1,"href":"https:\/\/alminutonoticia.com\/noticias\/wp-json\/wp\/v2\/posts\/13685\/revisions"}],"predecessor-version":[{"id":13687,"href":"https:\/\/alminutonoticia.com\/noticias\/wp-json\/wp\/v2\/posts\/13685\/revisions\/13687"}],"wp:featuredmedia":[{"embeddable":true,"href":"https:\/\/alminutonoticia.com\/noticias\/wp-json\/wp\/v2\/media\/13686"}],"wp:attachment":[{"href":"https:\/\/alminutonoticia.com\/noticias\/wp-json\/wp\/v2\/media?parent=13685"}],"wp:term":[{"taxonomy":"category","embeddable":true,"href":"https:\/\/alminutonoticia.com\/noticias\/wp-json\/wp\/v2\/categories?post=13685"},{"taxonomy":"post_tag","embeddable":true,"href":"https:\/\/alminutonoticia.com\/noticias\/wp-json\/wp\/v2\/tags?post=13685"}],"curies":[{"name":"wp","href":"https:\/\/api.w.org\/{rel}","templated":true}]}}