{"id":13682,"date":"2025-02-05T03:53:50","date_gmt":"2025-02-05T03:53:50","guid":{"rendered":"https:\/\/alminutonoticia.com\/noticias\/?p=13682"},"modified":"2025-02-05T03:53:52","modified_gmt":"2025-02-05T03:53:52","slug":"panama-mayor-muestra-sus-convocados-para-el-partido-amistoso-ante-chile","status":"publish","type":"post","link":"https:\/\/alminutonoticia.com\/noticias\/panama-mayor-muestra-sus-convocados-para-el-partido-amistoso-ante-chile\/","title":{"rendered":"Panam\u00e1 Mayor muestra sus convocados para el partido amistoso ante Chile"},"content":{"rendered":"\n<p>La Selecci\u00f3n Mayor Masculina de Panam\u00e1 ya tiene su lista de convocados para el partido amistoso de s\u00e1bado 8 de febrero frente a la Selecci\u00f3n de Chile en el&nbsp;<strong>Estadio Nacional, en Santiago.<\/strong><\/p>\n\n\n\n<p><strong>Thomas Christiansen,<\/strong>&nbsp;director t\u00e9cnico, revel\u00f3 su listado de seleccionados que incluye una mezcla entre jugadores que militan en el extranjero y de la Liga Paname\u00f1a de F\u00fatbol (LPF).<\/p>\n\n\n\n<p>Los jugadores elegidos estar\u00e1n realizando ma\u00f1ana, mi\u00e9rcoles su \u00faltimo entrenamiento antes de viajar a Chile.<\/p>\n\n\n\n<p>El entrenamiento est\u00e1 programado para este mi\u00e9rcoles<strong>&nbsp;5 de febrero,<\/strong>&nbsp;de 7:00 a.m. a 9:00 a.m. en el Eagles Stadium, en El Colegio de Panam\u00e1, en Costa Sur.<\/p>\n\n\n\n<p>El equipo tiene programado viajar ma\u00f1ana, mi\u00e9rcoles a eso del medio d\u00eda en un vuelo directo a la capital chilena.<\/p>\n\n\n\n<p>Para este partido, que no es Fecha&nbsp;<strong>FIFA<\/strong>, se contar\u00e1 con un total de 8 jugadores que militan en el extranjero y que para este amistoso recibieron permiso de sus respecticos clubes para poder ver acci\u00f3n.<\/p>\n\n\n\n<p>Los ocho legionarios son: Gabriel Brown, Aimar Modelo, Rafael Mosquera, C\u00e9sar Yanis, Kahiser Lenis, Janpol Morales, Gustavo Herrera y Cecilio Waterman.<\/p>\n\n\n\n<p>En el caso de Yanis y Waterman, ambos militan en el f\u00fatbol chileno.<\/p>\n\n\n\n<p>El encuentro ante la Selecci\u00f3n de Chile ser\u00e1 el segundo partido internacional en este a\u00f1o para Panam\u00e1 Mayor, luego de su enfrentamiento del pasado 24 de enero como visitante ante el club Universitario de Deportes, de Per\u00fa, el cual concluy\u00f3 con derrota por 2-1, en un partido celebrado en el Estadio Monumental, en Lima.<\/p>\n\n\n\n<p>Ambas selecciones nacionales utilizar\u00e1n este amistoso para prepararse de cara a sus importantes compromisos por la fecha<strong>&nbsp;FIFA del mes de marzo.<\/strong><\/p>\n\n\n\n<p>Panam\u00e1 Mayor se prepara disputar la Fase Final de la Liga de Naciones de CONCACAF 2025 cuando se mida el pr\u00f3ximo jueves 20 de marzo frente a la Selecci\u00f3n de Estados Unidos, en el SoFi Stadium, en Inglewood, California, en su primero de dos compromisos por el Final Four.<\/p>\n\n\n\n<p>Lista de convocados.<\/p>\n\n\n\n<p><strong>ARQUEROS<\/strong><\/p>\n\n\n\n<ul class=\"wp-block-list\">\n<li>Eddie Roberts CA Independiente<\/li>\n\n\n\n<li>Marcos De Le\u00f3n Sporting SM<\/li>\n<\/ul>\n\n\n\n<p><strong>DEFENSAS<\/strong><\/p>\n\n\n\n<ul class=\"wp-block-list\">\n<li>Reyniel Perdomo Alianza FC<\/li>\n\n\n\n<li>Aimar Modelo NY Red Bulls II (USA)<\/li>\n\n\n\n<li>Jiovany Ramos CA Independiente<\/li>\n\n\n\n<li>Orman Davis CA Independiente<\/li>\n\n\n\n<li>Erick D\u00edaz Tauro FC<\/li>\n\n\n\n<li>Alex G\u00e1lvez Potros del Este<\/li>\n\n\n\n<li>Gabriel Brown Sporting FC (CRC)<\/li>\n<\/ul>\n\n\n\n<p><strong>VOLANTES<\/strong><\/p>\n\n\n\n<ul class=\"wp-block-list\">\n<li>Kahiser Lenis Jaguares de C\u00f3rdoba (COL)<\/li>\n\n\n\n<li>C\u00e9sar Yanis CD Cobresal (CHI)<\/li>\n\n\n\n<li>Janpol Morales CD Macar\u00e1 (ECU)<\/li>\n\n\n\n<li>Edilson Carrasquilla San Francisco FC<\/li>\n\n\n\n<li>Amable Pinz\u00f3n Veraguas United<\/li>\n\n\n\n<li>Jos\u00e9 Murillo CD Plaza Amador<\/li>\n\n\n\n<li>Everardo Rose CD Plaza Amador<\/li>\n\n\n\n<li>H\u00e9ctor Hurtado CA Independiente<\/li>\n\n\n\n<li>Irving Gudi\u00f1o Tauro FC<\/li>\n\n\n\n<li>Giovany Herbert Dep \u00c1rabe Unido<\/li>\n\n\n\n<li>Rafael Mosquera NY Red Bulls II (USA)<\/li>\n<\/ul>\n\n\n\n<p><strong>DELANTEROS<\/strong><\/p>\n\n\n\n<ul class=\"wp-block-list\">\n<li>Cecilio Waterman Coquimbo Unido (CHI)<\/li>\n\n\n\n<li>Gustavo Herrera Puebla (MEX).<\/li>\n<\/ul>\n\n\n\n<figure class=\"wp-block-image size-full\"><a href=\"https:\/\/alminutonoticia.com\/noticias\/wp-content\/uploads\/2025\/02\/direct-770x470-1.jpeg\"><img fetchpriority=\"high\" decoding=\"async\" width=\"770\" height=\"470\" src=\"https:\/\/alminutonoticia.com\/noticias\/wp-content\/uploads\/2025\/02\/direct-770x470-1.jpeg\" alt=\"\" class=\"wp-image-13683\" title=\"\" srcset=\"https:\/\/alminutonoticia.com\/noticias\/wp-content\/uploads\/2025\/02\/direct-770x470-1.jpeg 770w, https:\/\/alminutonoticia.com\/noticias\/wp-content\/uploads\/2025\/02\/direct-770x470-1-300x183.jpeg 300w, https:\/\/alminutonoticia.com\/noticias\/wp-content\/uploads\/2025\/02\/direct-770x470-1-768x469.jpeg 768w\" sizes=\"(max-width: 770px) 100vw, 770px\" \/><\/a><\/figure>\n","protected":false},"excerpt":{"rendered":"<p>La Selecci\u00f3n Mayor Masculina de Panam\u00e1 ya tiene su lista de convocados para el partido amistoso de s\u00e1bado 8 de febrero frente a la Selecci\u00f3n de Chile en el&nbsp;Estadio Nacional, en Santiago. Thomas Christiansen,&nbsp;director t\u00e9cnico, revel\u00f3 su listado de seleccionados que incluye una mezcla entre jugadores que militan en el extranjero y de la Liga [&hellip;]<\/p>\n","protected":false},"author":3,"featured_media":13683,"comment_status":"open","ping_status":"open","sticky":false,"template":"","format":"standard","meta":{"footnotes":""},"categories":[40,36],"tags":[],"class_list":["post-13682","post","type-post","status-publish","format-standard","has-post-thumbnail","hentry","category-deportes","category-nacionales"],"_links":{"self":[{"href":"https:\/\/alminutonoticia.com\/noticias\/wp-json\/wp\/v2\/posts\/13682","targetHints":{"allow":["GET"]}}],"collection":[{"href":"https:\/\/alminutonoticia.com\/noticias\/wp-json\/wp\/v2\/posts"}],"about":[{"href":"https:\/\/alminutonoticia.com\/noticias\/wp-json\/wp\/v2\/types\/post"}],"author":[{"embeddable":true,"href":"https:\/\/alminutonoticia.com\/noticias\/wp-json\/wp\/v2\/users\/3"}],"replies":[{"embeddable":true,"href":"https:\/\/alminutonoticia.com\/noticias\/wp-json\/wp\/v2\/comments?post=13682"}],"version-history":[{"count":1,"href":"https:\/\/alminutonoticia.com\/noticias\/wp-json\/wp\/v2\/posts\/13682\/revisions"}],"predecessor-version":[{"id":13684,"href":"https:\/\/alminutonoticia.com\/noticias\/wp-json\/wp\/v2\/posts\/13682\/revisions\/13684"}],"wp:featuredmedia":[{"embeddable":true,"href":"https:\/\/alminutonoticia.com\/noticias\/wp-json\/wp\/v2\/media\/13683"}],"wp:attachment":[{"href":"https:\/\/alminutonoticia.com\/noticias\/wp-json\/wp\/v2\/media?parent=13682"}],"wp:term":[{"taxonomy":"category","embeddable":true,"href":"https:\/\/alminutonoticia.com\/noticias\/wp-json\/wp\/v2\/categories?post=13682"},{"taxonomy":"post_tag","embeddable":true,"href":"https:\/\/alminutonoticia.com\/noticias\/wp-json\/wp\/v2\/tags?post=13682"}],"curies":[{"name":"wp","href":"https:\/\/api.w.org\/{rel}","templated":true}]}}