{"id":13679,"date":"2025-02-05T03:50:03","date_gmt":"2025-02-05T03:50:03","guid":{"rendered":"https:\/\/alminutonoticia.com\/noticias\/?p=13679"},"modified":"2025-02-05T03:50:05","modified_gmt":"2025-02-05T03:50:05","slug":"mas-de-50-mil-docentes-en-las-capacitaciones-verano-2025","status":"publish","type":"post","link":"https:\/\/alminutonoticia.com\/noticias\/mas-de-50-mil-docentes-en-las-capacitaciones-verano-2025\/","title":{"rendered":"M\u00e1s de 50 mil docentes en las Capacitaciones Verano 2025"},"content":{"rendered":"\n<p>M\u00e1s de 50 mil docentes de las 16 regiones educativas del pa\u00eds han dado un paso importante en las Capacitaciones de Verano 2025.<\/p>\n\n\n\n<p>Tras 5 a\u00f1os, estas jornadas formativas vuelven a ser presenciales, permitiendo una experiencia m\u00e1s enriquecedora y directa. En cada aula habilitada, los educadores refuerzan su papel como agentes del cambio, asumiendo el desaf\u00edo de transformar el futuro de la ense\u00f1anza mediante el dominio de nuevas tecnolog\u00edas y estrategias pedag\u00f3gicas alineadas con los retos del siglo XXI.<\/p>\n\n\n\n<p>La ministra de Educaci\u00f3n,<strong>&nbsp;Lucy Molinar<\/strong>, recorri\u00f3 distintas escuelas y destac\u00f3 la trascendencia de esta participaci\u00f3n masiva, se\u00f1alando que los docentes son el eje central del sistema educativo. \u00abEs imprescindible recuperar la ilusi\u00f3n de lo que debe pasar en el aula. Su presencia en estas capacitaciones es un testimonio de su entrega y su deseo de construir una educaci\u00f3n de excelencia\u00bb, afirm\u00f3 la ministra.<\/p>\n\n\n\n<p>En estas primeras dos semanas, la capacitaci\u00f3n se ha enfocado en la innovaci\u00f3n educativa a trav\u00e9s del programa Entre Pares 5.0, con \u00e9nfasis en herramientas tecnol\u00f3gicas como correo electr\u00f3nico institucional, Microsoft Teams,&nbsp;<strong>Libreta Digital&nbsp;<\/strong>e Inteligencia Artificial. Alejandro Barranco, coordinador del programa, destac\u00f3 la relevancia de estas herramientas para modernizar la ense\u00f1anza y fortalecer la comunicaci\u00f3n dentro de las aulas.<\/p>\n\n\n\n<p>La directora regional de San Miguelito,<strong>&nbsp;Aymeth Espinosa<\/strong>, inform\u00f3 que en el primer d\u00eda, se super\u00f3 la cantidad de docentes inscritos, que rondaban los 1,295 en los 12 centros educativos de la regi\u00f3n, demostrando que el deseo de innovar y mejorar la educaci\u00f3n es una constante en cada rinc\u00f3n del pa\u00eds.<\/p>\n\n\n\n<p>La ministra Molinar reafirm\u00f3 que la fortaleza del sistema educativo radica en sus docentes. \u00abEllos son el motor de la educaci\u00f3n, los que inspiran, ense\u00f1an y gu\u00edan. Sin su entrega, ning\u00fan cambio ser\u00eda posible. Hoy, m\u00e1s que nunca, reconocemos y celebramos su compromiso con la formaci\u00f3n de las futuras generaciones\u00bb.<\/p>\n\n\n\n<p>Dado el alto volumen de participaci\u00f3n a nivel nacional, el ministerio se encuentra redoblando esfuerzos para mejorar la atenci\u00f3n y brindarles todas las herramientas que requiera en este proceso.&nbsp;<\/p>\n\n\n\n<p>Las capacitaciones&nbsp;<strong>Entre Pares 5.0<\/strong>&nbsp;tambi\u00e9n refuerzan el aprendizaje colaborativo, con m\u00e1s de mil 500 facilitadores previamente preparados para guiar y acompa\u00f1ar a sus colegas en este proceso de transformaci\u00f3n.<\/p>\n\n\n\n<figure class=\"wp-block-image size-full\"><a href=\"https:\/\/alminutonoticia.com\/noticias\/wp-content\/uploads\/2025\/02\/agridulce-770x470-1.jpg\"><img fetchpriority=\"high\" decoding=\"async\" width=\"770\" height=\"470\" src=\"https:\/\/alminutonoticia.com\/noticias\/wp-content\/uploads\/2025\/02\/agridulce-770x470-1.jpg\" alt=\"\" class=\"wp-image-13680\" title=\"\" srcset=\"https:\/\/alminutonoticia.com\/noticias\/wp-content\/uploads\/2025\/02\/agridulce-770x470-1.jpg 770w, https:\/\/alminutonoticia.com\/noticias\/wp-content\/uploads\/2025\/02\/agridulce-770x470-1-300x183.jpg 300w, https:\/\/alminutonoticia.com\/noticias\/wp-content\/uploads\/2025\/02\/agridulce-770x470-1-768x469.jpg 768w\" sizes=\"(max-width: 770px) 100vw, 770px\" \/><\/a><\/figure>\n","protected":false},"excerpt":{"rendered":"<p>M\u00e1s de 50 mil docentes de las 16 regiones educativas del pa\u00eds han dado un paso importante en las Capacitaciones de Verano 2025. Tras 5 a\u00f1os, estas jornadas formativas vuelven a ser presenciales, permitiendo una experiencia m\u00e1s enriquecedora y directa. En cada aula habilitada, los educadores refuerzan su papel como agentes del cambio, asumiendo el [&hellip;]<\/p>\n","protected":false},"author":3,"featured_media":13680,"comment_status":"open","ping_status":"open","sticky":false,"template":"","format":"standard","meta":{"footnotes":""},"categories":[36],"tags":[],"class_list":["post-13679","post","type-post","status-publish","format-standard","has-post-thumbnail","hentry","category-nacionales"],"_links":{"self":[{"href":"https:\/\/alminutonoticia.com\/noticias\/wp-json\/wp\/v2\/posts\/13679","targetHints":{"allow":["GET"]}}],"collection":[{"href":"https:\/\/alminutonoticia.com\/noticias\/wp-json\/wp\/v2\/posts"}],"about":[{"href":"https:\/\/alminutonoticia.com\/noticias\/wp-json\/wp\/v2\/types\/post"}],"author":[{"embeddable":true,"href":"https:\/\/alminutonoticia.com\/noticias\/wp-json\/wp\/v2\/users\/3"}],"replies":[{"embeddable":true,"href":"https:\/\/alminutonoticia.com\/noticias\/wp-json\/wp\/v2\/comments?post=13679"}],"version-history":[{"count":1,"href":"https:\/\/alminutonoticia.com\/noticias\/wp-json\/wp\/v2\/posts\/13679\/revisions"}],"predecessor-version":[{"id":13681,"href":"https:\/\/alminutonoticia.com\/noticias\/wp-json\/wp\/v2\/posts\/13679\/revisions\/13681"}],"wp:featuredmedia":[{"embeddable":true,"href":"https:\/\/alminutonoticia.com\/noticias\/wp-json\/wp\/v2\/media\/13680"}],"wp:attachment":[{"href":"https:\/\/alminutonoticia.com\/noticias\/wp-json\/wp\/v2\/media?parent=13679"}],"wp:term":[{"taxonomy":"category","embeddable":true,"href":"https:\/\/alminutonoticia.com\/noticias\/wp-json\/wp\/v2\/categories?post=13679"},{"taxonomy":"post_tag","embeddable":true,"href":"https:\/\/alminutonoticia.com\/noticias\/wp-json\/wp\/v2\/tags?post=13679"}],"curies":[{"name":"wp","href":"https:\/\/api.w.org\/{rel}","templated":true}]}}