{"id":13667,"date":"2025-02-04T14:43:48","date_gmt":"2025-02-04T14:43:48","guid":{"rendered":"https:\/\/alminutonoticia.com\/noticias\/?p=13667"},"modified":"2025-02-04T14:43:50","modified_gmt":"2025-02-04T14:43:50","slug":"relatos-de-cuentos-oniricos-de-eduardo-aguilar-cedeno-una-experiencia-unica-en-la-casa-museo-de-banconal","status":"publish","type":"post","link":"https:\/\/alminutonoticia.com\/noticias\/relatos-de-cuentos-oniricos-de-eduardo-aguilar-cedeno-una-experiencia-unica-en-la-casa-museo-de-banconal\/","title":{"rendered":"Relatos de cuentos on\u00edricos\u2019 de Eduardo Aguilar Cede\u00f1o: Una experiencia \u00fanica en la Casa Museo de Banconal"},"content":{"rendered":"\n<ul class=\"wp-block-list\">\n<li>Su obra ha sido suficientemente atractiva para abrirle puertas en galer\u00edas internacionales de pa\u00edses como Holanda, Rep\u00fablica Dominicana, Colombia, Chile, Argentina, Educador y Rusia.<br>\u00a0<br>Panam\u00e1, 3 de febrero de 2024. Banco Nacional de Panam\u00e1 sigue firme con su fiel compromiso con el arte y la cultura, por lo que abre las puertas de su Casa Museo para inaugurar la segunda exposici\u00f3n del a\u00f1o titulada \u201cRelatos de cuentos on\u00edricos\u2019, del reconocido artista chitreano Eduardo Aguilar Cede\u00f1o.<br>\u00a0<br>\u201cSe trata de un total de 26 obras de arte, que nos sumergen en una interpretaci\u00f3n profunda de signos y formas de los pueblos ancestrales, combinando lo contempor\u00e1neo, creando a trav\u00e9s del pincel estas obras que hoy deleitamos en la Casa Museo de Banco Nacional de Panam\u00e1, su Casa Museo\u201d, manifest\u00f3 Javier Carrizo Esquivel, gerente general de Banco Nacional de Panam\u00e1, en su discurso de bienvenida.<br>\u00a0<br>El maestro Aguilar nace el 12 de febrero de 1970, en la provincia de Herrera. Se grad\u00faa 1989 como T\u00e9cnico en Artes Pl\u00e1sticas y en sus m\u00e1s de 30 a\u00f1os de labor ininterrumpida, sus obras forman parte de exhibiciones y colecciones del suelo paname\u00f1o. Su principal influencia pict\u00f3rica es del tambi\u00e9n reconocido maestro paname\u00f1o, Ra\u00fal V\u00e1squez S\u00e1ez, considerado como padre de la Escuela de Azuero. Ha realizado importantes colaboraciones en subastas a beneficio de centros como Hogar Malambo, Patronato de Nutrici\u00f3n, Damas de San Felipe, Fundaci\u00f3n Oir Es Vivir, entre otros.<br>\u00a0<br>Su arte se basa en crear atm\u00f3sferas on\u00edricas, a trav\u00e9s de sus paletas de colores, as\u00ed como plasmar recuerdos del pasado ancestral de Am\u00e9rica Latina, planteadas en propuestas innovadoras y en crecimiento. Tambi\u00e9n cuenta con reminiscencias del maestro uruguayo, Joaqu\u00edn Torres Garc\u00eda (1874-1949), el mexicano Rufino Tamayo (1899-1991) y el chileno Roberto Matta (1911-2002).<br>\u00a0<br>Gracias a su visi\u00f3n internacional y a su esp\u00edritu estudioso de la tradici\u00f3n latinoamericana, Aguilar se hace presente fueras de nuestras fronteras. Su participaci\u00f3n en la Galer\u00eda Bremher (\u00c1mstedam, Holanda), la Galer\u00eda Collado (Rep\u00fablica Dominicana) y en la Galer\u00eda Cristina Narv\u00e1ez (Bogot\u00e1, Colombia), son prueba fehaciente de ello. Casas de estudio y Centros culturales de Chile, Rusia, Argentina y Ecuador han sido hogar de su importante legado art\u00edstico.<br>\u00a0<br>Casa Museo de Banco Nacional de Panam\u00e1: Se encuentra en el barrio de La Exposici\u00f3n en Bella Vista y fue erigida en 1925 por el arquitecto Leonardo Villanueva Meyer. Originalmente perteneci\u00f3 al Dr. Juan Jos\u00e9 D\u00edaz Boyd y es considerada una de las construcciones m\u00e1s destacadas de la zona, gracias a la combinaci\u00f3n \u00fanica de estilos arquitect\u00f3nicos presentes en su dise\u00f1o.<br>\u00a0<br>La belleza de la casa se complementa con los acabados en marmolina y granito que decoran pisos y paredes. El techo artesonado, realizado con maderas semipreciosas, adorna el \u00e1rea que en su momento fue el comedor. Adem\u00e1s, los cielos rasos han sido cuidadosamente dise\u00f1ados con molduras de yeso y estopa de coco. Las l\u00e1mparas de bronce, hierro y cristal, que todav\u00eda se conservan, son las originales de la vivienda. Este a\u00f1o, la Casa Museo celebra su centenario, cumpliendo 100 a\u00f1os desde su construcci\u00f3n<\/li>\n<\/ul>\n\n\n\n<figure class=\"wp-block-image size-large\"><a href=\"https:\/\/alminutonoticia.com\/noticias\/wp-content\/uploads\/2025\/02\/WhatsApp-Image-2025-02-04-at-8.15.13-AM-2.jpeg\"><img fetchpriority=\"high\" decoding=\"async\" width=\"1024\" height=\"684\" src=\"https:\/\/alminutonoticia.com\/noticias\/wp-content\/uploads\/2025\/02\/WhatsApp-Image-2025-02-04-at-8.15.13-AM-2-1024x684.jpeg\" alt=\"\" class=\"wp-image-13668\" title=\"\" srcset=\"https:\/\/alminutonoticia.com\/noticias\/wp-content\/uploads\/2025\/02\/WhatsApp-Image-2025-02-04-at-8.15.13-AM-2-1024x684.jpeg 1024w, https:\/\/alminutonoticia.com\/noticias\/wp-content\/uploads\/2025\/02\/WhatsApp-Image-2025-02-04-at-8.15.13-AM-2-300x200.jpeg 300w, https:\/\/alminutonoticia.com\/noticias\/wp-content\/uploads\/2025\/02\/WhatsApp-Image-2025-02-04-at-8.15.13-AM-2-768x513.jpeg 768w, https:\/\/alminutonoticia.com\/noticias\/wp-content\/uploads\/2025\/02\/WhatsApp-Image-2025-02-04-at-8.15.13-AM-2-1536x1027.jpeg 1536w, https:\/\/alminutonoticia.com\/noticias\/wp-content\/uploads\/2025\/02\/WhatsApp-Image-2025-02-04-at-8.15.13-AM-2.jpeg 1616w\" sizes=\"(max-width: 1024px) 100vw, 1024px\" \/><\/a><\/figure>\n","protected":false},"excerpt":{"rendered":"","protected":false},"author":3,"featured_media":13669,"comment_status":"open","ping_status":"open","sticky":false,"template":"","format":"standard","meta":{"footnotes":""},"categories":[36],"tags":[],"class_list":["post-13667","post","type-post","status-publish","format-standard","has-post-thumbnail","hentry","category-nacionales"],"_links":{"self":[{"href":"https:\/\/alminutonoticia.com\/noticias\/wp-json\/wp\/v2\/posts\/13667","targetHints":{"allow":["GET"]}}],"collection":[{"href":"https:\/\/alminutonoticia.com\/noticias\/wp-json\/wp\/v2\/posts"}],"about":[{"href":"https:\/\/alminutonoticia.com\/noticias\/wp-json\/wp\/v2\/types\/post"}],"author":[{"embeddable":true,"href":"https:\/\/alminutonoticia.com\/noticias\/wp-json\/wp\/v2\/users\/3"}],"replies":[{"embeddable":true,"href":"https:\/\/alminutonoticia.com\/noticias\/wp-json\/wp\/v2\/comments?post=13667"}],"version-history":[{"count":1,"href":"https:\/\/alminutonoticia.com\/noticias\/wp-json\/wp\/v2\/posts\/13667\/revisions"}],"predecessor-version":[{"id":13670,"href":"https:\/\/alminutonoticia.com\/noticias\/wp-json\/wp\/v2\/posts\/13667\/revisions\/13670"}],"wp:featuredmedia":[{"embeddable":true,"href":"https:\/\/alminutonoticia.com\/noticias\/wp-json\/wp\/v2\/media\/13669"}],"wp:attachment":[{"href":"https:\/\/alminutonoticia.com\/noticias\/wp-json\/wp\/v2\/media?parent=13667"}],"wp:term":[{"taxonomy":"category","embeddable":true,"href":"https:\/\/alminutonoticia.com\/noticias\/wp-json\/wp\/v2\/categories?post=13667"},{"taxonomy":"post_tag","embeddable":true,"href":"https:\/\/alminutonoticia.com\/noticias\/wp-json\/wp\/v2\/tags?post=13667"}],"curies":[{"name":"wp","href":"https:\/\/api.w.org\/{rel}","templated":true}]}}