{"id":13664,"date":"2025-02-04T14:34:44","date_gmt":"2025-02-04T14:34:44","guid":{"rendered":"https:\/\/alminutonoticia.com\/noticias\/?p=13664"},"modified":"2025-02-04T14:34:46","modified_gmt":"2025-02-04T14:34:46","slug":"universidad-de-panama-condena-agresion-y-represion-de-la-policia-contra-estudiantes","status":"publish","type":"post","link":"https:\/\/alminutonoticia.com\/noticias\/universidad-de-panama-condena-agresion-y-represion-de-la-policia-contra-estudiantes\/","title":{"rendered":"Universidad de Panam\u00e1 condena agresi\u00f3n y represi\u00f3n de la Polic\u00eda contra estudiantes"},"content":{"rendered":"\n<p>La comunidad universitaria denunci\u00f3 y conden\u00f3 la represi\u00f3n de la<strong>&nbsp;Polic\u00eda Nacional<\/strong>&nbsp;en contra de estudiantes, profesores y administrativos luego de los incidentes ocurridos en la tarde del pasado viernes 31 de enero.<\/p>\n\n\n\n<p>El rector de la Universidad de Panam\u00e1, Dr. Eduardo Flores Castro, explic\u00f3 los hechos que derivaron en enfrentamientos entre estudiantes y agentes de la Polic\u00eda Nacional y alert\u00f3 sobre allanamientos realizados en residencias de al menos cuatro estudiantes universitarios, algunos de ellos dirigentes, as\u00ed como la detenci\u00f3n de dos j\u00f3venes.<\/p>\n\n\n\n<p>Flores Castro lament\u00f3 el incidente en el cual una manifestaci\u00f3n pac\u00edfica de aproximadamente 50 personas, entre estudiantes, profesores y administrativos, termin\u00f3 en actos de violencia.<\/p>\n\n\n\n<p>Ante esta situaciones, el rector indic\u00f3 que se eval\u00faa la posibilidad de interponer denuncias ante el Ministerio P\u00fablico contra la Polic\u00eda Nacional.<\/p>\n\n\n\n<p>En sus declaraciones, la autoridad universitaria narr\u00f3 que un oficial de la polic\u00eda tuvo un intercambio de palabras con estudiantes que termin\u00f3 en empujones y golpes.&nbsp;<\/p>\n\n\n\n<p>\u00abEl jefe policial me inform\u00f3 que su oficial fue hospitalizado tras ser golpeado, pero al revisar los videos se observa que la persona involucrada es una estudiante\u00bb, detall\u00f3.<\/p>\n\n\n\n<p>Flores Castro agreg\u00f3 que la joven respondi\u00f3 a la agresi\u00f3n del oficial, lo que gener\u00f3 la intervenci\u00f3n de sus compa\u00f1eras. \u00abLas dem\u00e1s estudiantes la defendieron porque el oficial estaba golpe\u00e1ndola mientras ella se manifestaba pac\u00edficamente en rechazo a la llegada del se\u00f1or Marcos Rubio\u00bb, explic\u00f3.<\/p>\n\n\n\n<p>Asimismo, el rector denunci\u00f3 que las autoridades policiales bloquearon las salidas de la universidad el mismo d\u00eda del incidente. \u00abTratamos de mediar con el director de la polic\u00eda, pero nos dio la espalda y nos dijo que no ten\u00eda m\u00e1s nada que discutir con nosotros\u00bb, afirm\u00f3.&nbsp;<\/p>\n\n\n\n<p>Sobre este tema, Gilberto Marulanda, defensor de los derechos de los universitarios, emiti\u00f3 un comunicado rechazando los hechos.<\/p>\n\n\n\n<p>\u00abNos dirigimos por este medio a la faz del pa\u00eds para denunciar en\u00e9rgicamente la represi\u00f3n cometida por la Polic\u00eda Nacional en los predios universitarios. La agresi\u00f3n a una estudiante y el asedio policial durante el fin de semana constituyen una cadena de hechos que merecen el rechazo de la comunidad acad\u00e9mica y la sociedad paname\u00f1a. Evaluamos la posibilidad de interponer una denuncia ante la Procuradur\u00eda de la Naci\u00f3n\u00bb.<\/p>\n\n\n\n<p>Marulanda exigi\u00f3 el cese inmediato de las requisas y el respeto al derecho a la protesta pac\u00edfica.<\/p>\n\n\n\n<p>En tanto, el presidente de la Asociaci\u00f3n de Profesores de la Universidad de Panam\u00e1 (APUDEP), Jos\u00e9 \u00c1lvaro, expres\u00f3 su condena a los hechos y rechaz\u00f3 la postura de la Polic\u00eda Nacional.<\/p>\n\n\n\n<p>\u00abLamentamos las palabras del director de la polic\u00eda al se\u00f1alar que la universidad es un centro de delincuentes. La universidad nunca ha sido un lugar de delincuencia. Los delincuentes del cuello y corbata son los que han asaltado el erario p\u00fablico y est\u00e1n libres porque la justicia no los alcanza\u00bb, manifest\u00f3.<\/p>\n\n\n\n<p>\u00c1lvaro compar\u00f3 la situaci\u00f3n con el cerco de 1958 y afirm\u00f3: \u00abNo avalamos la violencia, pero tampoco aceptamos que la universidad sea secuestrada por la polic\u00eda\u00bb.<\/p>\n\n\n\n<p>Los recientes incidentes han generado gran preocupaci\u00f3n en la comunidad universitaria y mantienen en alerta tanto a estudiantes como a las autoridades acad\u00e9micas, quienes exigen respuestas y justicia frente a estos hechos.<\/p>\n\n\n\n<figure class=\"wp-block-image size-full\"><a href=\"https:\/\/alminutonoticia.com\/noticias\/wp-content\/uploads\/2025\/02\/UP-tres-770x470-1.jpg\"><img fetchpriority=\"high\" decoding=\"async\" width=\"770\" height=\"470\" src=\"https:\/\/alminutonoticia.com\/noticias\/wp-content\/uploads\/2025\/02\/UP-tres-770x470-1.jpg\" alt=\"\" class=\"wp-image-13665\" title=\"\" srcset=\"https:\/\/alminutonoticia.com\/noticias\/wp-content\/uploads\/2025\/02\/UP-tres-770x470-1.jpg 770w, https:\/\/alminutonoticia.com\/noticias\/wp-content\/uploads\/2025\/02\/UP-tres-770x470-1-300x183.jpg 300w, https:\/\/alminutonoticia.com\/noticias\/wp-content\/uploads\/2025\/02\/UP-tres-770x470-1-768x469.jpg 768w\" sizes=\"(max-width: 770px) 100vw, 770px\" \/><\/a><\/figure>\n","protected":false},"excerpt":{"rendered":"<p>La comunidad universitaria denunci\u00f3 y conden\u00f3 la represi\u00f3n de la&nbsp;Polic\u00eda Nacional&nbsp;en contra de estudiantes, profesores y administrativos luego de los incidentes ocurridos en la tarde del pasado viernes 31 de enero. El rector de la Universidad de Panam\u00e1, Dr. Eduardo Flores Castro, explic\u00f3 los hechos que derivaron en enfrentamientos entre estudiantes y agentes de la [&hellip;]<\/p>\n","protected":false},"author":3,"featured_media":13665,"comment_status":"open","ping_status":"open","sticky":false,"template":"","format":"standard","meta":{"footnotes":""},"categories":[36],"tags":[],"class_list":["post-13664","post","type-post","status-publish","format-standard","has-post-thumbnail","hentry","category-nacionales"],"_links":{"self":[{"href":"https:\/\/alminutonoticia.com\/noticias\/wp-json\/wp\/v2\/posts\/13664","targetHints":{"allow":["GET"]}}],"collection":[{"href":"https:\/\/alminutonoticia.com\/noticias\/wp-json\/wp\/v2\/posts"}],"about":[{"href":"https:\/\/alminutonoticia.com\/noticias\/wp-json\/wp\/v2\/types\/post"}],"author":[{"embeddable":true,"href":"https:\/\/alminutonoticia.com\/noticias\/wp-json\/wp\/v2\/users\/3"}],"replies":[{"embeddable":true,"href":"https:\/\/alminutonoticia.com\/noticias\/wp-json\/wp\/v2\/comments?post=13664"}],"version-history":[{"count":1,"href":"https:\/\/alminutonoticia.com\/noticias\/wp-json\/wp\/v2\/posts\/13664\/revisions"}],"predecessor-version":[{"id":13666,"href":"https:\/\/alminutonoticia.com\/noticias\/wp-json\/wp\/v2\/posts\/13664\/revisions\/13666"}],"wp:featuredmedia":[{"embeddable":true,"href":"https:\/\/alminutonoticia.com\/noticias\/wp-json\/wp\/v2\/media\/13665"}],"wp:attachment":[{"href":"https:\/\/alminutonoticia.com\/noticias\/wp-json\/wp\/v2\/media?parent=13664"}],"wp:term":[{"taxonomy":"category","embeddable":true,"href":"https:\/\/alminutonoticia.com\/noticias\/wp-json\/wp\/v2\/categories?post=13664"},{"taxonomy":"post_tag","embeddable":true,"href":"https:\/\/alminutonoticia.com\/noticias\/wp-json\/wp\/v2\/tags?post=13664"}],"curies":[{"name":"wp","href":"https:\/\/api.w.org\/{rel}","templated":true}]}}