{"id":13661,"date":"2025-02-04T14:32:42","date_gmt":"2025-02-04T14:32:42","guid":{"rendered":"https:\/\/alminutonoticia.com\/noticias\/?p=13661"},"modified":"2025-02-04T14:32:44","modified_gmt":"2025-02-04T14:32:44","slug":"lunes-de-carnaval-y-miercoles-de-cenizas-libres-para-oficinas-publicas-pero-tienen-que-compensar-las-horas","status":"publish","type":"post","link":"https:\/\/alminutonoticia.com\/noticias\/lunes-de-carnaval-y-miercoles-de-cenizas-libres-para-oficinas-publicas-pero-tienen-que-compensar-las-horas\/","title":{"rendered":"Lunes de Carnaval y Mi\u00e9rcoles de Cenizas libres para oficinas p\u00fablicas, pero tienen que compensar las horas"},"content":{"rendered":"\n<p>El&nbsp;Ministro de Gobierno&nbsp;comunic\u00f3 que, mediante el&nbsp;Decreto Ejecutivo n.\u00ba 6 del 31 de enero de 2025, se&nbsp;ordena el cierre de las&nbsp;oficinas p\u00fablicas, nacionales y municipales, en todo el&nbsp;territorio nacional,&nbsp;e<strong>l lunes 3 y mi\u00e9rcoles 5 de marzo&nbsp;<\/strong>de 2025,&nbsp;durante todo el d\u00eda, con motivo de la&nbsp;celebraci\u00f3n de las fiestas del&nbsp;<strong>Carnaval.<\/strong><\/p>\n\n\n\n<p>Los servidores p\u00fablicos deber\u00e1n laborar los d\u00edas 3, 4, 5, 6, 7, 10, 11, 12, 13, 14, 17, 18, 19, 20, 21 y 24 de febrero de 2025, en horario de 7:30 a.m. a 4:30 p.m.,&nbsp;<strong>para&nbsp;compensar&nbsp;las&nbsp;horas correspondientes<\/strong>&nbsp;a la&nbsp;jornada regular de trabajo.<\/p>\n\n\n\n<figure class=\"wp-block-image size-full\"><a href=\"https:\/\/alminutonoticia.com\/noticias\/wp-content\/uploads\/2025\/02\/carnaval-herrera.jpg\"><img fetchpriority=\"high\" decoding=\"async\" width=\"770\" height=\"470\" src=\"https:\/\/alminutonoticia.com\/noticias\/wp-content\/uploads\/2025\/02\/carnaval-herrera.jpg\" alt=\"\" class=\"wp-image-13662\" title=\"\" srcset=\"https:\/\/alminutonoticia.com\/noticias\/wp-content\/uploads\/2025\/02\/carnaval-herrera.jpg 770w, https:\/\/alminutonoticia.com\/noticias\/wp-content\/uploads\/2025\/02\/carnaval-herrera-300x183.jpg 300w, https:\/\/alminutonoticia.com\/noticias\/wp-content\/uploads\/2025\/02\/carnaval-herrera-768x469.jpg 768w\" sizes=\"(max-width: 770px) 100vw, 770px\" \/><\/a><figcaption class=\"wp-element-caption\">dav<\/figcaption><\/figure>\n","protected":false},"excerpt":{"rendered":"<p>El&nbsp;Ministro de Gobierno&nbsp;comunic\u00f3 que, mediante el&nbsp;Decreto Ejecutivo n.\u00ba 6 del 31 de enero de 2025, se&nbsp;ordena el cierre de las&nbsp;oficinas p\u00fablicas, nacionales y municipales, en todo el&nbsp;territorio nacional,&nbsp;el lunes 3 y mi\u00e9rcoles 5 de marzo&nbsp;de 2025,&nbsp;durante todo el d\u00eda, con motivo de la&nbsp;celebraci\u00f3n de las fiestas del&nbsp;Carnaval. Los servidores p\u00fablicos deber\u00e1n laborar los d\u00edas 3, [&hellip;]<\/p>\n","protected":false},"author":3,"featured_media":13662,"comment_status":"open","ping_status":"open","sticky":false,"template":"","format":"standard","meta":{"footnotes":""},"categories":[36],"tags":[],"class_list":["post-13661","post","type-post","status-publish","format-standard","has-post-thumbnail","hentry","category-nacionales"],"_links":{"self":[{"href":"https:\/\/alminutonoticia.com\/noticias\/wp-json\/wp\/v2\/posts\/13661","targetHints":{"allow":["GET"]}}],"collection":[{"href":"https:\/\/alminutonoticia.com\/noticias\/wp-json\/wp\/v2\/posts"}],"about":[{"href":"https:\/\/alminutonoticia.com\/noticias\/wp-json\/wp\/v2\/types\/post"}],"author":[{"embeddable":true,"href":"https:\/\/alminutonoticia.com\/noticias\/wp-json\/wp\/v2\/users\/3"}],"replies":[{"embeddable":true,"href":"https:\/\/alminutonoticia.com\/noticias\/wp-json\/wp\/v2\/comments?post=13661"}],"version-history":[{"count":1,"href":"https:\/\/alminutonoticia.com\/noticias\/wp-json\/wp\/v2\/posts\/13661\/revisions"}],"predecessor-version":[{"id":13663,"href":"https:\/\/alminutonoticia.com\/noticias\/wp-json\/wp\/v2\/posts\/13661\/revisions\/13663"}],"wp:featuredmedia":[{"embeddable":true,"href":"https:\/\/alminutonoticia.com\/noticias\/wp-json\/wp\/v2\/media\/13662"}],"wp:attachment":[{"href":"https:\/\/alminutonoticia.com\/noticias\/wp-json\/wp\/v2\/media?parent=13661"}],"wp:term":[{"taxonomy":"category","embeddable":true,"href":"https:\/\/alminutonoticia.com\/noticias\/wp-json\/wp\/v2\/categories?post=13661"},{"taxonomy":"post_tag","embeddable":true,"href":"https:\/\/alminutonoticia.com\/noticias\/wp-json\/wp\/v2\/tags?post=13661"}],"curies":[{"name":"wp","href":"https:\/\/api.w.org\/{rel}","templated":true}]}}