{"id":13658,"date":"2025-02-04T14:29:40","date_gmt":"2025-02-04T14:29:40","guid":{"rendered":"https:\/\/alminutonoticia.com\/noticias\/?p=13658"},"modified":"2025-02-04T14:29:42","modified_gmt":"2025-02-04T14:29:42","slug":"trump-conversara-este-viernes-con-mulino-no-esta-contento-tras-la-reunion","status":"publish","type":"post","link":"https:\/\/alminutonoticia.com\/noticias\/trump-conversara-este-viernes-con-mulino-no-esta-contento-tras-la-reunion\/","title":{"rendered":"Trump conversar\u00e1 este viernes con Mulino, no est\u00e1 contento tras la reuni\u00f3n"},"content":{"rendered":"\n<p>\u00abCreo que vamos a hablar con Panam\u00e1 el viernes. Esencialmente, se han comprometido a ciertas cosas, pero no estoy contento con ello\u00bb, expres\u00f3 el presidente estadounidense, Donald Trump este lunes, desde el Despacho Oval de la Casa Blanca.<\/p>\n\n\n\n<p>Trump anunci\u00f3 que mantendr\u00e1 una conversaci\u00f3n con su hom\u00f3logo paname\u00f1o, Jos\u00e9 Ra\u00fal Mulino, el pr\u00f3ximo viernes, para abordar temas relacionados con el Canal de Panam\u00e1 tras la reciente visita del secretario de Estado, Marco Rubio, al suelo paname\u00f1o.<\/p>\n\n\n\n<p>El mandatario tambi\u00e9n manifest\u00f3 preocupaci\u00f3n por la creciente influencia de China en el Canal, subrayando que Estados Unidos fue quien construy\u00f3 esa importante v\u00eda mar\u00edtima. \u00abEstamos intentando llegar a un acuerdo sobre el Canal de Panam\u00e1\u00bb, coment\u00f3 Trump, recordando que la transferencia del canal a manos paname\u00f1as en 1977, mediante los Tratados Torrijos-Carter, fue un error desde su perspectiva.<\/p>\n\n\n\n<p>Por su parte, Mulino anunci\u00f3 el domingo que Panam\u00e1 dejar\u00e1 expirar el acuerdo relacionado con la nueva Ruta de la Seda, iniciativa liderada por China.<\/p>\n\n\n\n<p>Igualmente, la Autoridad del Canal de Panam\u00e1 (ACP) tambi\u00e9n expres\u00f3 su disposici\u00f3n a colaborar con la Marina de Guerra de Estados Unidos para optimizar el tr\u00e1nsito de sus buques por la v\u00eda interoce\u00e1nica, un gesto que refuerza la relaci\u00f3n estrat\u00e9gica entre ambos pa\u00edses en materia log\u00edstica y de seguridad.<\/p>\n\n\n\n<figure class=\"wp-block-image size-full\"><a href=\"https:\/\/alminutonoticia.com\/noticias\/wp-content\/uploads\/2025\/02\/trompita.jpeg\"><img fetchpriority=\"high\" decoding=\"async\" width=\"770\" height=\"470\" src=\"https:\/\/alminutonoticia.com\/noticias\/wp-content\/uploads\/2025\/02\/trompita.jpeg\" alt=\"\" class=\"wp-image-13659\" title=\"\" srcset=\"https:\/\/alminutonoticia.com\/noticias\/wp-content\/uploads\/2025\/02\/trompita.jpeg 770w, https:\/\/alminutonoticia.com\/noticias\/wp-content\/uploads\/2025\/02\/trompita-300x183.jpeg 300w, https:\/\/alminutonoticia.com\/noticias\/wp-content\/uploads\/2025\/02\/trompita-768x469.jpeg 768w\" sizes=\"(max-width: 770px) 100vw, 770px\" \/><\/a><\/figure>\n","protected":false},"excerpt":{"rendered":"<p>\u00abCreo que vamos a hablar con Panam\u00e1 el viernes. Esencialmente, se han comprometido a ciertas cosas, pero no estoy contento con ello\u00bb, expres\u00f3 el presidente estadounidense, Donald Trump este lunes, desde el Despacho Oval de la Casa Blanca. Trump anunci\u00f3 que mantendr\u00e1 una conversaci\u00f3n con su hom\u00f3logo paname\u00f1o, Jos\u00e9 Ra\u00fal Mulino, el pr\u00f3ximo viernes, para [&hellip;]<\/p>\n","protected":false},"author":3,"featured_media":13659,"comment_status":"open","ping_status":"open","sticky":false,"template":"","format":"standard","meta":{"footnotes":""},"categories":[36],"tags":[],"class_list":["post-13658","post","type-post","status-publish","format-standard","has-post-thumbnail","hentry","category-nacionales"],"_links":{"self":[{"href":"https:\/\/alminutonoticia.com\/noticias\/wp-json\/wp\/v2\/posts\/13658","targetHints":{"allow":["GET"]}}],"collection":[{"href":"https:\/\/alminutonoticia.com\/noticias\/wp-json\/wp\/v2\/posts"}],"about":[{"href":"https:\/\/alminutonoticia.com\/noticias\/wp-json\/wp\/v2\/types\/post"}],"author":[{"embeddable":true,"href":"https:\/\/alminutonoticia.com\/noticias\/wp-json\/wp\/v2\/users\/3"}],"replies":[{"embeddable":true,"href":"https:\/\/alminutonoticia.com\/noticias\/wp-json\/wp\/v2\/comments?post=13658"}],"version-history":[{"count":1,"href":"https:\/\/alminutonoticia.com\/noticias\/wp-json\/wp\/v2\/posts\/13658\/revisions"}],"predecessor-version":[{"id":13660,"href":"https:\/\/alminutonoticia.com\/noticias\/wp-json\/wp\/v2\/posts\/13658\/revisions\/13660"}],"wp:featuredmedia":[{"embeddable":true,"href":"https:\/\/alminutonoticia.com\/noticias\/wp-json\/wp\/v2\/media\/13659"}],"wp:attachment":[{"href":"https:\/\/alminutonoticia.com\/noticias\/wp-json\/wp\/v2\/media?parent=13658"}],"wp:term":[{"taxonomy":"category","embeddable":true,"href":"https:\/\/alminutonoticia.com\/noticias\/wp-json\/wp\/v2\/categories?post=13658"},{"taxonomy":"post_tag","embeddable":true,"href":"https:\/\/alminutonoticia.com\/noticias\/wp-json\/wp\/v2\/tags?post=13658"}],"curies":[{"name":"wp","href":"https:\/\/api.w.org\/{rel}","templated":true}]}}