{"id":13655,"date":"2025-02-04T14:27:19","date_gmt":"2025-02-04T14:27:19","guid":{"rendered":"https:\/\/alminutonoticia.com\/noticias\/?p=13655"},"modified":"2025-02-04T14:27:21","modified_gmt":"2025-02-04T14:27:21","slug":"aviso-de-vigilancia-por-vientos-y-oleajes-en-el-caribe-panameno","status":"publish","type":"post","link":"https:\/\/alminutonoticia.com\/noticias\/aviso-de-vigilancia-por-vientos-y-oleajes-en-el-caribe-panameno\/","title":{"rendered":"Aviso de vigilancia por vientos y oleajes en el Caribe paname\u00f1o"},"content":{"rendered":"\n<p>El Sistema Nacional de<strong>&nbsp;Protecci\u00f3n Civil (SINAPROC)&nbsp;<\/strong>comunica que se mantiene un aviso de vigilancia ante condiciones de advertencia por oleajes y vientos sobre el Caribe paname\u00f1o, vigente hasta el 5 de febrero de 2025.<\/p>\n\n\n\n<p><strong>\u00c1reas bajo aviso:<\/strong><br>Caribe Occidental: Bocas del Toro y la comarca Ng\u00e4be Bugl\u00e9 con olas desde 1.0 a 2.0 metros de altura y per\u00edodos de 8 a 9 segundos.<\/p>\n\n\n\n<p><strong>Caribe Central:&nbsp;<\/strong>Costa Abajo de Col\u00f3n y Norte de Veraguas cuyas olas podr\u00edan alcanzar alturas de 1.5 a 2.0 metros y per\u00edodos entre 8 a 10 segundos.<\/p>\n\n\n\n<p><strong>Caribe Oriental:&nbsp;<\/strong>Costa Arriba de la provincia de Col\u00f3n y la comarca Guna Yala con olas desde 2.0 a 3.0 metros de altura y per\u00edodos de 8 a 10 segundos.<\/p>\n\n\n\n<p>El Instituto de Meteorolog\u00eda e Hidrolog\u00eda de Panam\u00e1&nbsp;<strong>(IMHPA)<\/strong>&nbsp;comunica sobre condiciones atmosf\u00e9ricas favorables, para la intensificaci\u00f3n de los vientos alisios sobre el Mar Caribe, ocasionando oleajes de larga duraci\u00f3n y de forma frecuente (mar picado) y posibles corrientes de resacas.<\/p>\n\n\n\n<p>Ante estas condiciones, emitidas por el IMHPA, el Sinaproc, recomienda:<\/p>\n\n\n\n<ul class=\"wp-block-list\">\n<li>Evitar actividades recreativas y deportivas.<\/li>\n\n\n\n<li>A los capitanes de las embarcaciones livianas, extremar la precauci\u00f3n, portar sus implementos de seguridad.<\/li>\n\n\n\n<li>Evite instalar carpas u otros equipos cerca de la orilla del mar o l\u00ednea costera.<\/li>\n\n\n\n<li>Reiteramos a la poblaci\u00f3n seguir las normas que dicten los estamentos de seguridad y de emergencias.<\/li>\n\n\n\n<li>Vigile a sus ni\u00f1os y ni\u00f1as; personas con discapacidad y adultos mayores.<\/li>\n<\/ul>\n\n\n\n<p>Para emergencias: 520-4426\/911\/6998-4809.<\/p>\n\n\n\n<figure class=\"wp-block-image size-full is-resized\"><a href=\"https:\/\/alminutonoticia.com\/noticias\/wp-content\/uploads\/2025\/02\/oelajes.jpeg\"><img fetchpriority=\"high\" decoding=\"async\" width=\"439\" height=\"246\" src=\"https:\/\/alminutonoticia.com\/noticias\/wp-content\/uploads\/2025\/02\/oelajes.jpeg\" alt=\"\" class=\"wp-image-13656\" style=\"width:514px;height:auto\" title=\"\" srcset=\"https:\/\/alminutonoticia.com\/noticias\/wp-content\/uploads\/2025\/02\/oelajes.jpeg 439w, https:\/\/alminutonoticia.com\/noticias\/wp-content\/uploads\/2025\/02\/oelajes-300x168.jpeg 300w\" sizes=\"(max-width: 439px) 100vw, 439px\" \/><\/a><\/figure>\n","protected":false},"excerpt":{"rendered":"<p>El Sistema Nacional de&nbsp;Protecci\u00f3n Civil (SINAPROC)&nbsp;comunica que se mantiene un aviso de vigilancia ante condiciones de advertencia por oleajes y vientos sobre el Caribe paname\u00f1o, vigente hasta el 5 de febrero de 2025. \u00c1reas bajo aviso:Caribe Occidental: Bocas del Toro y la comarca Ng\u00e4be Bugl\u00e9 con olas desde 1.0 a 2.0 metros de altura y [&hellip;]<\/p>\n","protected":false},"author":3,"featured_media":13656,"comment_status":"open","ping_status":"open","sticky":false,"template":"","format":"standard","meta":{"footnotes":""},"categories":[36],"tags":[],"class_list":["post-13655","post","type-post","status-publish","format-standard","has-post-thumbnail","hentry","category-nacionales"],"_links":{"self":[{"href":"https:\/\/alminutonoticia.com\/noticias\/wp-json\/wp\/v2\/posts\/13655","targetHints":{"allow":["GET"]}}],"collection":[{"href":"https:\/\/alminutonoticia.com\/noticias\/wp-json\/wp\/v2\/posts"}],"about":[{"href":"https:\/\/alminutonoticia.com\/noticias\/wp-json\/wp\/v2\/types\/post"}],"author":[{"embeddable":true,"href":"https:\/\/alminutonoticia.com\/noticias\/wp-json\/wp\/v2\/users\/3"}],"replies":[{"embeddable":true,"href":"https:\/\/alminutonoticia.com\/noticias\/wp-json\/wp\/v2\/comments?post=13655"}],"version-history":[{"count":1,"href":"https:\/\/alminutonoticia.com\/noticias\/wp-json\/wp\/v2\/posts\/13655\/revisions"}],"predecessor-version":[{"id":13657,"href":"https:\/\/alminutonoticia.com\/noticias\/wp-json\/wp\/v2\/posts\/13655\/revisions\/13657"}],"wp:featuredmedia":[{"embeddable":true,"href":"https:\/\/alminutonoticia.com\/noticias\/wp-json\/wp\/v2\/media\/13656"}],"wp:attachment":[{"href":"https:\/\/alminutonoticia.com\/noticias\/wp-json\/wp\/v2\/media?parent=13655"}],"wp:term":[{"taxonomy":"category","embeddable":true,"href":"https:\/\/alminutonoticia.com\/noticias\/wp-json\/wp\/v2\/categories?post=13655"},{"taxonomy":"post_tag","embeddable":true,"href":"https:\/\/alminutonoticia.com\/noticias\/wp-json\/wp\/v2\/tags?post=13655"}],"curies":[{"name":"wp","href":"https:\/\/api.w.org\/{rel}","templated":true}]}}