{"id":13649,"date":"2025-02-04T14:21:30","date_gmt":"2025-02-04T14:21:30","guid":{"rendered":"https:\/\/alminutonoticia.com\/noticias\/?p=13649"},"modified":"2025-02-04T14:21:32","modified_gmt":"2025-02-04T14:21:32","slug":"aprehenden-a-dos-sospechosos-de-agredir-a-un-policia-en-manifestacion-universitaria","status":"publish","type":"post","link":"https:\/\/alminutonoticia.com\/noticias\/aprehenden-a-dos-sospechosos-de-agredir-a-un-policia-en-manifestacion-universitaria\/","title":{"rendered":"Aprehenden a dos sospechosos de agredir a un polic\u00eda en manifestaci\u00f3n universitaria"},"content":{"rendered":"\n<p>Mediante acciones operativas en coordinaci\u00f3n con el Ministerio P\u00fablico, unidades policiales aprehendieron a dos personas presuntamente implicadas en el delito Contra la Vida y la Integridad Personal en su modalidad de Lesiones Personales y Contra la Administraci\u00f3n P\u00fablica en su modalidad de Delitos Contra los Servidores P\u00fablicos.<\/p>\n\n\n\n<p>La acci\u00f3n se dio durante diligencias de allanamientos en el corregimiento de Alcalde D\u00edaz y el distrito de San Miguelito, ubicando a dos de los sospechosos, un hombre y una mujer, de un hecho registrado el pasado viernes 31 de enero de 2025, en los predios de la Universidad de Panam\u00e1 durante una manifestaci\u00f3n.<\/p>\n\n\n\n<p>En el registro a la femenina, se le logr\u00f3 decomisar presunta sustancias il\u00edcitas, la cual fue remitida para los an\u00e1lisis correspondientes.<\/p>\n\n\n\n<p>Estas y otras acciones contin\u00faan a fin de ubicar y aprehender a todos los responsables.<\/p>\n\n\n\n<figure class=\"wp-block-image size-full\"><a href=\"https:\/\/alminutonoticia.com\/noticias\/wp-content\/uploads\/2025\/02\/protesta-2-770x462-1.jpeg\"><img fetchpriority=\"high\" decoding=\"async\" width=\"770\" height=\"462\" src=\"https:\/\/alminutonoticia.com\/noticias\/wp-content\/uploads\/2025\/02\/protesta-2-770x462-1.jpeg\" alt=\"\" class=\"wp-image-13650\" title=\"\" srcset=\"https:\/\/alminutonoticia.com\/noticias\/wp-content\/uploads\/2025\/02\/protesta-2-770x462-1.jpeg 770w, https:\/\/alminutonoticia.com\/noticias\/wp-content\/uploads\/2025\/02\/protesta-2-770x462-1-300x180.jpeg 300w, https:\/\/alminutonoticia.com\/noticias\/wp-content\/uploads\/2025\/02\/protesta-2-770x462-1-768x461.jpeg 768w\" sizes=\"(max-width: 770px) 100vw, 770px\" \/><\/a><\/figure>\n","protected":false},"excerpt":{"rendered":"<p>Mediante acciones operativas en coordinaci\u00f3n con el Ministerio P\u00fablico, unidades policiales aprehendieron a dos personas presuntamente implicadas en el delito Contra la Vida y la Integridad Personal en su modalidad de Lesiones Personales y Contra la Administraci\u00f3n P\u00fablica en su modalidad de Delitos Contra los Servidores P\u00fablicos. La acci\u00f3n se dio durante diligencias de allanamientos [&hellip;]<\/p>\n","protected":false},"author":3,"featured_media":13650,"comment_status":"open","ping_status":"open","sticky":false,"template":"","format":"standard","meta":{"footnotes":""},"categories":[36],"tags":[],"class_list":["post-13649","post","type-post","status-publish","format-standard","has-post-thumbnail","hentry","category-nacionales"],"_links":{"self":[{"href":"https:\/\/alminutonoticia.com\/noticias\/wp-json\/wp\/v2\/posts\/13649","targetHints":{"allow":["GET"]}}],"collection":[{"href":"https:\/\/alminutonoticia.com\/noticias\/wp-json\/wp\/v2\/posts"}],"about":[{"href":"https:\/\/alminutonoticia.com\/noticias\/wp-json\/wp\/v2\/types\/post"}],"author":[{"embeddable":true,"href":"https:\/\/alminutonoticia.com\/noticias\/wp-json\/wp\/v2\/users\/3"}],"replies":[{"embeddable":true,"href":"https:\/\/alminutonoticia.com\/noticias\/wp-json\/wp\/v2\/comments?post=13649"}],"version-history":[{"count":1,"href":"https:\/\/alminutonoticia.com\/noticias\/wp-json\/wp\/v2\/posts\/13649\/revisions"}],"predecessor-version":[{"id":13651,"href":"https:\/\/alminutonoticia.com\/noticias\/wp-json\/wp\/v2\/posts\/13649\/revisions\/13651"}],"wp:featuredmedia":[{"embeddable":true,"href":"https:\/\/alminutonoticia.com\/noticias\/wp-json\/wp\/v2\/media\/13650"}],"wp:attachment":[{"href":"https:\/\/alminutonoticia.com\/noticias\/wp-json\/wp\/v2\/media?parent=13649"}],"wp:term":[{"taxonomy":"category","embeddable":true,"href":"https:\/\/alminutonoticia.com\/noticias\/wp-json\/wp\/v2\/categories?post=13649"},{"taxonomy":"post_tag","embeddable":true,"href":"https:\/\/alminutonoticia.com\/noticias\/wp-json\/wp\/v2\/tags?post=13649"}],"curies":[{"name":"wp","href":"https:\/\/api.w.org\/{rel}","templated":true}]}}