{"id":13640,"date":"2025-02-04T14:15:59","date_gmt":"2025-02-04T14:15:59","guid":{"rendered":"https:\/\/alminutonoticia.com\/noticias\/?p=13640"},"modified":"2025-02-04T14:16:02","modified_gmt":"2025-02-04T14:16:02","slug":"panama-deporta-a-43-colombianos-en-presencia-de-marco-rubio-secretario-de-estado-de-ee-uu","status":"publish","type":"post","link":"https:\/\/alminutonoticia.com\/noticias\/panama-deporta-a-43-colombianos-en-presencia-de-marco-rubio-secretario-de-estado-de-ee-uu\/","title":{"rendered":"Panam\u00e1 deporta a 43 colombianos en presencia de Marco Rubio, secretario de Estado de EE.UU."},"content":{"rendered":"\n<p>Este lunes 3 de febrero, un total de 43 ciudadanos colombianos fueron deportados desde el Aeropuerto Internacional Marcos A. Gelabert, en un vuelo de repatriaci\u00f3n con destino a Medell\u00edn. La operaci\u00f3n cont\u00f3 con la presencia del Secretario de Estado de Estados Unidos, Marco Rubio, el ministro de Seguridad, Frank \u00c1brego, y el canciller paname\u00f1o, Javier Mart\u00ednez-Acha.<\/p>\n\n\n\n<p>El grupo estuvo conformado por 36 deportados y 7 expulsados, quienes enfrentaban acusaciones graves como trata de personas, agresi\u00f3n sexual, narcotr\u00e1fico y evasi\u00f3n de controles migratorios. Entre los deportados se encontraban 26 hombres y 10 mujeres, mientras que los expulsados incluyeron a seis hombres y una mujer.<\/p>\n\n\n\n<p>El operativo, que se desarroll\u00f3 bajo estrictas medidas de seguridad, forma parte de un acuerdo de colaboraci\u00f3n entre Panam\u00e1 y Estados Unidos, con respaldo financiero de Washington.<\/p>\n\n\n\n<p>Durante su intervenci\u00f3n, Rubio destac\u00f3 la importancia de esta cooperaci\u00f3n bilateral para combatir la migraci\u00f3n irregular y reforzar la seguridad regional. \u00abEsto es evidencia de la gran alianza que existe entre Estados Unidos y Panam\u00e1, un pa\u00eds amigo, un pa\u00eds hermano, con el cual tenemos mucho enlace y cooperaci\u00f3n\u00bb, afirm\u00f3.<\/p>\n\n\n\n<p>El secretario de Estado calific\u00f3 como \u00ablamentable\u00bb la situaci\u00f3n migratoria en la regi\u00f3n. \u00abSon personas que, en muchos casos, son v\u00edctimas de rutas irregulares que generan problemas en varios pa\u00edses\u00bb, se\u00f1al\u00f3. Adem\u00e1s, valor\u00f3 el sistema de verificaci\u00f3n paname\u00f1o, que \u00abayuda a prevenir que personas con antecedentes criminales sigan avanzando y creen conflictos no solo en Panam\u00e1, sino tambi\u00e9n en otros pa\u00edses\u00bb.<\/p>\n\n\n\n<p>Este vuelo se convierte en el n\u00famero 44 en el marco de la gesti\u00f3n del presidente Jos\u00e9 Ra\u00fal Mulino, reforzando el compromiso del gobierno paname\u00f1o de trabajar de la mano con Estados Unidos en el manejo de la migraci\u00f3n y la seguridad regional.<\/p>\n\n\n\n<figure class=\"wp-block-image size-full\"><a href=\"https:\/\/alminutonoticia.com\/noticias\/wp-content\/uploads\/2025\/02\/marcos-770x470-1.jpg\"><img fetchpriority=\"high\" decoding=\"async\" width=\"770\" height=\"470\" src=\"https:\/\/alminutonoticia.com\/noticias\/wp-content\/uploads\/2025\/02\/marcos-770x470-1.jpg\" alt=\"\" class=\"wp-image-13641\" title=\"\" srcset=\"https:\/\/alminutonoticia.com\/noticias\/wp-content\/uploads\/2025\/02\/marcos-770x470-1.jpg 770w, https:\/\/alminutonoticia.com\/noticias\/wp-content\/uploads\/2025\/02\/marcos-770x470-1-300x183.jpg 300w, https:\/\/alminutonoticia.com\/noticias\/wp-content\/uploads\/2025\/02\/marcos-770x470-1-768x469.jpg 768w\" sizes=\"(max-width: 770px) 100vw, 770px\" \/><\/a><\/figure>\n","protected":false},"excerpt":{"rendered":"<p>Este lunes 3 de febrero, un total de 43 ciudadanos colombianos fueron deportados desde el Aeropuerto Internacional Marcos A. Gelabert, en un vuelo de repatriaci\u00f3n con destino a Medell\u00edn. La operaci\u00f3n cont\u00f3 con la presencia del Secretario de Estado de Estados Unidos, Marco Rubio, el ministro de Seguridad, Frank \u00c1brego, y el canciller paname\u00f1o, Javier [&hellip;]<\/p>\n","protected":false},"author":3,"featured_media":13641,"comment_status":"open","ping_status":"open","sticky":false,"template":"","format":"standard","meta":{"footnotes":""},"categories":[36],"tags":[],"class_list":["post-13640","post","type-post","status-publish","format-standard","has-post-thumbnail","hentry","category-nacionales"],"_links":{"self":[{"href":"https:\/\/alminutonoticia.com\/noticias\/wp-json\/wp\/v2\/posts\/13640","targetHints":{"allow":["GET"]}}],"collection":[{"href":"https:\/\/alminutonoticia.com\/noticias\/wp-json\/wp\/v2\/posts"}],"about":[{"href":"https:\/\/alminutonoticia.com\/noticias\/wp-json\/wp\/v2\/types\/post"}],"author":[{"embeddable":true,"href":"https:\/\/alminutonoticia.com\/noticias\/wp-json\/wp\/v2\/users\/3"}],"replies":[{"embeddable":true,"href":"https:\/\/alminutonoticia.com\/noticias\/wp-json\/wp\/v2\/comments?post=13640"}],"version-history":[{"count":1,"href":"https:\/\/alminutonoticia.com\/noticias\/wp-json\/wp\/v2\/posts\/13640\/revisions"}],"predecessor-version":[{"id":13642,"href":"https:\/\/alminutonoticia.com\/noticias\/wp-json\/wp\/v2\/posts\/13640\/revisions\/13642"}],"wp:featuredmedia":[{"embeddable":true,"href":"https:\/\/alminutonoticia.com\/noticias\/wp-json\/wp\/v2\/media\/13641"}],"wp:attachment":[{"href":"https:\/\/alminutonoticia.com\/noticias\/wp-json\/wp\/v2\/media?parent=13640"}],"wp:term":[{"taxonomy":"category","embeddable":true,"href":"https:\/\/alminutonoticia.com\/noticias\/wp-json\/wp\/v2\/categories?post=13640"},{"taxonomy":"post_tag","embeddable":true,"href":"https:\/\/alminutonoticia.com\/noticias\/wp-json\/wp\/v2\/tags?post=13640"}],"curies":[{"name":"wp","href":"https:\/\/api.w.org\/{rel}","templated":true}]}}