{"id":13634,"date":"2025-02-01T16:36:07","date_gmt":"2025-02-01T16:36:07","guid":{"rendered":"https:\/\/alminutonoticia.com\/noticias\/?p=13634"},"modified":"2025-02-01T16:36:09","modified_gmt":"2025-02-01T16:36:09","slug":"gobernacion-de-colon-suspende-consumo-de-alcohol-ante-aumento-de-violencia","status":"publish","type":"post","link":"https:\/\/alminutonoticia.com\/noticias\/gobernacion-de-colon-suspende-consumo-de-alcohol-ante-aumento-de-violencia\/","title":{"rendered":"Gobernaci\u00f3n de Col\u00f3n suspende consumo de alcohol ante aumento de violencia"},"content":{"rendered":"\n<p>Para preservar la seguridad de los ciudadanos, la Gobernaci\u00f3n de Col\u00f3n anunci\u00f3 la prohibici\u00f3n temporal del consumo y venta de bebidas alcoh\u00f3licas en espacios p\u00fablicos.<\/p>\n\n\n\n<p>La medida, establecida mediante la resoluci\u00f3n No. 2, estar\u00e1 vigente desde el 31 de enero hasta el 9 de febrero de 2025.<\/p>\n\n\n\n<p>La restricci\u00f3n aplica a reuniones, aglomeraciones y \u201cparking\u201d donde se expendan bebidas alcoh\u00f3licas, as\u00ed como en playas, r\u00edos y balnearios de la provincia.<\/p>\n\n\n\n<p>Esta decisi\u00f3n fue tomada en respuesta al aumento significativo de hechos delictivos registrados recientemente en la provincia, con el objetivo de mantener el orden p\u00fablico y proteger a los ciudadanos.<\/p>\n\n\n\n<p>La resoluci\u00f3n fue dada a conocer en la noche de este viernes, generando diversas reacciones entre la poblaci\u00f3n colonense. Autoridades hicieron un llamado a respetar la medida para contribuir a la seguridad en la provincia.<\/p>\n\n\n\n<figure class=\"wp-block-image size-full\"><a href=\"https:\/\/alminutonoticia.com\/noticias\/wp-content\/uploads\/2025\/02\/gobernacion.jpg\"><img fetchpriority=\"high\" decoding=\"async\" width=\"578\" height=\"470\" src=\"https:\/\/alminutonoticia.com\/noticias\/wp-content\/uploads\/2025\/02\/gobernacion.jpg\" alt=\"\" class=\"wp-image-13635\" title=\"\" srcset=\"https:\/\/alminutonoticia.com\/noticias\/wp-content\/uploads\/2025\/02\/gobernacion.jpg 578w, https:\/\/alminutonoticia.com\/noticias\/wp-content\/uploads\/2025\/02\/gobernacion-300x244.jpg 300w\" sizes=\"(max-width: 578px) 100vw, 578px\" \/><\/a><\/figure>\n","protected":false},"excerpt":{"rendered":"<p>Para preservar la seguridad de los ciudadanos, la Gobernaci\u00f3n de Col\u00f3n anunci\u00f3 la prohibici\u00f3n temporal del consumo y venta de bebidas alcoh\u00f3licas en espacios p\u00fablicos. La medida, establecida mediante la resoluci\u00f3n No. 2, estar\u00e1 vigente desde el 31 de enero hasta el 9 de febrero de 2025. La restricci\u00f3n aplica a reuniones, aglomeraciones y \u201cparking\u201d [&hellip;]<\/p>\n","protected":false},"author":3,"featured_media":13635,"comment_status":"open","ping_status":"open","sticky":false,"template":"","format":"standard","meta":{"footnotes":""},"categories":[36],"tags":[],"class_list":["post-13634","post","type-post","status-publish","format-standard","has-post-thumbnail","hentry","category-nacionales"],"_links":{"self":[{"href":"https:\/\/alminutonoticia.com\/noticias\/wp-json\/wp\/v2\/posts\/13634","targetHints":{"allow":["GET"]}}],"collection":[{"href":"https:\/\/alminutonoticia.com\/noticias\/wp-json\/wp\/v2\/posts"}],"about":[{"href":"https:\/\/alminutonoticia.com\/noticias\/wp-json\/wp\/v2\/types\/post"}],"author":[{"embeddable":true,"href":"https:\/\/alminutonoticia.com\/noticias\/wp-json\/wp\/v2\/users\/3"}],"replies":[{"embeddable":true,"href":"https:\/\/alminutonoticia.com\/noticias\/wp-json\/wp\/v2\/comments?post=13634"}],"version-history":[{"count":1,"href":"https:\/\/alminutonoticia.com\/noticias\/wp-json\/wp\/v2\/posts\/13634\/revisions"}],"predecessor-version":[{"id":13636,"href":"https:\/\/alminutonoticia.com\/noticias\/wp-json\/wp\/v2\/posts\/13634\/revisions\/13636"}],"wp:featuredmedia":[{"embeddable":true,"href":"https:\/\/alminutonoticia.com\/noticias\/wp-json\/wp\/v2\/media\/13635"}],"wp:attachment":[{"href":"https:\/\/alminutonoticia.com\/noticias\/wp-json\/wp\/v2\/media?parent=13634"}],"wp:term":[{"taxonomy":"category","embeddable":true,"href":"https:\/\/alminutonoticia.com\/noticias\/wp-json\/wp\/v2\/categories?post=13634"},{"taxonomy":"post_tag","embeddable":true,"href":"https:\/\/alminutonoticia.com\/noticias\/wp-json\/wp\/v2\/tags?post=13634"}],"curies":[{"name":"wp","href":"https:\/\/api.w.org\/{rel}","templated":true}]}}