{"id":13631,"date":"2025-02-01T16:34:44","date_gmt":"2025-02-01T16:34:44","guid":{"rendered":"https:\/\/alminutonoticia.com\/noticias\/?p=13631"},"modified":"2025-02-01T16:34:46","modified_gmt":"2025-02-01T16:34:46","slug":"ricardo-martinelli-anuncia-dos-cirugias-y-lanza-mensaje-a-sus-criticos","status":"publish","type":"post","link":"https:\/\/alminutonoticia.com\/noticias\/ricardo-martinelli-anuncia-dos-cirugias-y-lanza-mensaje-a-sus-criticos\/","title":{"rendered":"Ricardo Martinelli anuncia dos cirug\u00edas y lanza mensaje a sus cr\u00edticos"},"content":{"rendered":"\n<p>El expresidente de Panam\u00e1, Ricardo Martinelli, gener\u00f3 gran revuelo en redes sociales tras compartir una imagen de su abdomen y anunciar que deber\u00e1 someterse a dos operaciones quir\u00fargicas, adem\u00e1s de una endoscopia.<\/p>\n\n\n\n<p>En su publicaci\u00f3n, Martinelli se dirigi\u00f3 a sus detractores de forma directa: \u201cA mis queridos y adorados \u2018haters\u2019, esta es la operaci\u00f3n que me tengo que hacer en dos distintas ocasiones m\u00e1s una previa endoscopia. \u00bfSer\u00e1 que me envidian tanto porque tengo dos, de lo que parece ser y no es?\u201d.<\/p>\n\n\n\n<p>El exmandatario tambi\u00e9n expres\u00f3 su percepci\u00f3n sobre el contexto pol\u00edtico y judicial que enfrenta: \u201c\u00bfSer\u00e1 por eso que me dicen que soy tan resiliente y berraco? \u00bfO ser\u00e1 por el odio, que me violan todas las leyes y me fabricaron un caso pol\u00edtico y ahora lo dilatan a\u00fan m\u00e1s, para no fallarlo y as\u00ed ver si me autoliquidan, donde estoy asilado?\u201d.<\/p>\n\n\n\n<p>Martinelli ya hab\u00eda adelantado que su equipo legal solicitar\u00e1 que los procedimientos m\u00e9dicos se realicen en un hospital privado debido a problemas g\u00e1stricos que enfrenta.<\/p>\n\n\n\n<figure class=\"wp-block-image size-full\"><a href=\"https:\/\/alminutonoticia.com\/noticias\/wp-content\/uploads\/2025\/02\/tinelin-770x470-1.jpeg\"><img fetchpriority=\"high\" decoding=\"async\" width=\"770\" height=\"470\" src=\"https:\/\/alminutonoticia.com\/noticias\/wp-content\/uploads\/2025\/02\/tinelin-770x470-1.jpeg\" alt=\"\" class=\"wp-image-13632\" title=\"\" srcset=\"https:\/\/alminutonoticia.com\/noticias\/wp-content\/uploads\/2025\/02\/tinelin-770x470-1.jpeg 770w, https:\/\/alminutonoticia.com\/noticias\/wp-content\/uploads\/2025\/02\/tinelin-770x470-1-300x183.jpeg 300w, https:\/\/alminutonoticia.com\/noticias\/wp-content\/uploads\/2025\/02\/tinelin-770x470-1-768x469.jpeg 768w\" sizes=\"(max-width: 770px) 100vw, 770px\" \/><\/a><\/figure>\n","protected":false},"excerpt":{"rendered":"<p>El expresidente de Panam\u00e1, Ricardo Martinelli, gener\u00f3 gran revuelo en redes sociales tras compartir una imagen de su abdomen y anunciar que deber\u00e1 someterse a dos operaciones quir\u00fargicas, adem\u00e1s de una endoscopia. En su publicaci\u00f3n, Martinelli se dirigi\u00f3 a sus detractores de forma directa: \u201cA mis queridos y adorados \u2018haters\u2019, esta es la operaci\u00f3n que [&hellip;]<\/p>\n","protected":false},"author":3,"featured_media":13632,"comment_status":"open","ping_status":"open","sticky":false,"template":"","format":"standard","meta":{"footnotes":""},"categories":[36],"tags":[],"class_list":["post-13631","post","type-post","status-publish","format-standard","has-post-thumbnail","hentry","category-nacionales"],"_links":{"self":[{"href":"https:\/\/alminutonoticia.com\/noticias\/wp-json\/wp\/v2\/posts\/13631","targetHints":{"allow":["GET"]}}],"collection":[{"href":"https:\/\/alminutonoticia.com\/noticias\/wp-json\/wp\/v2\/posts"}],"about":[{"href":"https:\/\/alminutonoticia.com\/noticias\/wp-json\/wp\/v2\/types\/post"}],"author":[{"embeddable":true,"href":"https:\/\/alminutonoticia.com\/noticias\/wp-json\/wp\/v2\/users\/3"}],"replies":[{"embeddable":true,"href":"https:\/\/alminutonoticia.com\/noticias\/wp-json\/wp\/v2\/comments?post=13631"}],"version-history":[{"count":1,"href":"https:\/\/alminutonoticia.com\/noticias\/wp-json\/wp\/v2\/posts\/13631\/revisions"}],"predecessor-version":[{"id":13633,"href":"https:\/\/alminutonoticia.com\/noticias\/wp-json\/wp\/v2\/posts\/13631\/revisions\/13633"}],"wp:featuredmedia":[{"embeddable":true,"href":"https:\/\/alminutonoticia.com\/noticias\/wp-json\/wp\/v2\/media\/13632"}],"wp:attachment":[{"href":"https:\/\/alminutonoticia.com\/noticias\/wp-json\/wp\/v2\/media?parent=13631"}],"wp:term":[{"taxonomy":"category","embeddable":true,"href":"https:\/\/alminutonoticia.com\/noticias\/wp-json\/wp\/v2\/categories?post=13631"},{"taxonomy":"post_tag","embeddable":true,"href":"https:\/\/alminutonoticia.com\/noticias\/wp-json\/wp\/v2\/tags?post=13631"}],"curies":[{"name":"wp","href":"https:\/\/api.w.org\/{rel}","templated":true}]}}