{"id":13621,"date":"2025-02-01T16:28:14","date_gmt":"2025-02-01T16:28:14","guid":{"rendered":"https:\/\/alminutonoticia.com\/noticias\/?p=13621"},"modified":"2025-02-01T16:28:16","modified_gmt":"2025-02-01T16:28:16","slug":"detencion-provisional-a-taxista-que-le-quito-la-vida-a-un-colega-en-obarrio","status":"publish","type":"post","link":"https:\/\/alminutonoticia.com\/noticias\/detencion-provisional-a-taxista-que-le-quito-la-vida-a-un-colega-en-obarrio\/","title":{"rendered":"Detenci\u00f3n provisional a taxista que le quit\u00f3 la vida a un colega en Obarrio"},"content":{"rendered":"\n<p>A un taxista se le imput\u00f3 cargos por homicidio simple y homicidio en grado de tentativa; adem\u00e1s, se legaliz\u00f3 su aprehensi\u00f3n, en audiencia de Solicitudes M\u00faltiples, luego de las peticiones hechas por la Secci\u00f3n de Homicidio y Femicidio de la Fiscal\u00eda Metropolitana ante el Juzgado de Garant\u00edas, por hecho suscitado el 29 de enero de 2025.<\/p>\n\n\n\n<p>Igualmente, el Juzgado accedi\u00f3 a la petici\u00f3n de la Fiscal\u00eda de ordenar la medida cautelar personal de detenci\u00f3n provisional.<\/p>\n\n\n\n<p>El Ministerio P\u00fablico pidi\u00f3 que se decretara legal el control posterior de la fijaci\u00f3n de im\u00e1genes, lo que fue tambi\u00e9n admitido.<\/p>\n\n\n\n<p>El hecho se dio en calle 60 Obarrio, corregimiento de Bella Vista, cuando un conductor de taxi luego de una discusi\u00f3n en la v\u00eda p\u00fablica con otrotaxista, protagonizaron una discusi\u00f3n, en la cual uno de ellos, utilizando un bate procedi\u00f3 a quitarle un machete al otro, quien qued\u00f3 indefenso y con la misma arma le propin\u00f3 heridas en su anatom\u00eda que le causan la muerte, adem\u00e1s de herir a otro ciudadano.<\/p>\n\n\n\n<figure class=\"wp-block-image size-full\"><a href=\"https:\/\/alminutonoticia.com\/noticias\/wp-content\/uploads\/2025\/02\/taxis-.jpg\"><img fetchpriority=\"high\" decoding=\"async\" width=\"624\" height=\"409\" src=\"https:\/\/alminutonoticia.com\/noticias\/wp-content\/uploads\/2025\/02\/taxis-.jpg\" alt=\"\" class=\"wp-image-13622\" title=\"\" srcset=\"https:\/\/alminutonoticia.com\/noticias\/wp-content\/uploads\/2025\/02\/taxis-.jpg 624w, https:\/\/alminutonoticia.com\/noticias\/wp-content\/uploads\/2025\/02\/taxis--300x197.jpg 300w\" sizes=\"(max-width: 624px) 100vw, 624px\" \/><\/a><\/figure>\n","protected":false},"excerpt":{"rendered":"<p>A un taxista se le imput\u00f3 cargos por homicidio simple y homicidio en grado de tentativa; adem\u00e1s, se legaliz\u00f3 su aprehensi\u00f3n, en audiencia de Solicitudes M\u00faltiples, luego de las peticiones hechas por la Secci\u00f3n de Homicidio y Femicidio de la Fiscal\u00eda Metropolitana ante el Juzgado de Garant\u00edas, por hecho suscitado el 29 de enero de [&hellip;]<\/p>\n","protected":false},"author":3,"featured_media":13622,"comment_status":"open","ping_status":"open","sticky":false,"template":"","format":"standard","meta":{"footnotes":""},"categories":[1],"tags":[],"class_list":["post-13621","post","type-post","status-publish","format-standard","has-post-thumbnail","hentry","category-sin-categoria"],"_links":{"self":[{"href":"https:\/\/alminutonoticia.com\/noticias\/wp-json\/wp\/v2\/posts\/13621","targetHints":{"allow":["GET"]}}],"collection":[{"href":"https:\/\/alminutonoticia.com\/noticias\/wp-json\/wp\/v2\/posts"}],"about":[{"href":"https:\/\/alminutonoticia.com\/noticias\/wp-json\/wp\/v2\/types\/post"}],"author":[{"embeddable":true,"href":"https:\/\/alminutonoticia.com\/noticias\/wp-json\/wp\/v2\/users\/3"}],"replies":[{"embeddable":true,"href":"https:\/\/alminutonoticia.com\/noticias\/wp-json\/wp\/v2\/comments?post=13621"}],"version-history":[{"count":1,"href":"https:\/\/alminutonoticia.com\/noticias\/wp-json\/wp\/v2\/posts\/13621\/revisions"}],"predecessor-version":[{"id":13623,"href":"https:\/\/alminutonoticia.com\/noticias\/wp-json\/wp\/v2\/posts\/13621\/revisions\/13623"}],"wp:featuredmedia":[{"embeddable":true,"href":"https:\/\/alminutonoticia.com\/noticias\/wp-json\/wp\/v2\/media\/13622"}],"wp:attachment":[{"href":"https:\/\/alminutonoticia.com\/noticias\/wp-json\/wp\/v2\/media?parent=13621"}],"wp:term":[{"taxonomy":"category","embeddable":true,"href":"https:\/\/alminutonoticia.com\/noticias\/wp-json\/wp\/v2\/categories?post=13621"},{"taxonomy":"post_tag","embeddable":true,"href":"https:\/\/alminutonoticia.com\/noticias\/wp-json\/wp\/v2\/tags?post=13621"}],"curies":[{"name":"wp","href":"https:\/\/api.w.org\/{rel}","templated":true}]}}