{"id":13618,"date":"2025-02-01T16:24:04","date_gmt":"2025-02-01T16:24:04","guid":{"rendered":"https:\/\/alminutonoticia.com\/noticias\/?p=13618"},"modified":"2025-02-01T16:24:06","modified_gmt":"2025-02-01T16:24:06","slug":"disparan-hacia-el-despacho-de-la-magistrada-maria-eugenia-lopez","status":"publish","type":"post","link":"https:\/\/alminutonoticia.com\/noticias\/disparan-hacia-el-despacho-de-la-magistrada-maria-eugenia-lopez\/","title":{"rendered":"Disparan hacia el despacho de la magistrada, Mar\u00eda Eugenia L\u00f3pez"},"content":{"rendered":"\n<p>A eso de la 1:00 p.m., de este 31 de enero, una bala fue disparada al despacho superior de la presidenta de la Corte Suprema de Justicia de la Rep\u00fablica de Panam\u00e1, Mar\u00eda Eugenia L\u00f3pez.<\/p>\n\n\n\n<p>Hasta el momento, autoridades no han emitido un comunicado oficial sobre el incidente; sin embargo, extraoficialmente se detall\u00f3 que la Magistrada se encontraba en la oficina.<\/p>\n\n\n\n<figure class=\"wp-block-image\"><img decoding=\"async\" src=\"https:\/\/informatpanama.com\/wp-content\/uploads\/2025\/01\/esta.jpeg\" alt=\"\" class=\"wp-image-56659\" title=\"\"><\/figure>\n\n\n\n<p>No hay heridos, tampoco se han identificado sospechosos ni detenidos.<\/p>\n\n\n\n<p>Unidades de la Direcci\u00f3n de Investigaci\u00f3n Judicial (DIJ) y de la Direcci\u00f3n de Inteligencia Policial (DIP) de la Polic\u00eda Nacional se encuentran en el lugar para las diligencias.<\/p>\n\n\n\n<figure class=\"wp-block-image size-full\"><a href=\"https:\/\/alminutonoticia.com\/noticias\/wp-content\/uploads\/2025\/02\/maria-770x462-1.jpg\"><img fetchpriority=\"high\" decoding=\"async\" width=\"770\" height=\"462\" src=\"https:\/\/alminutonoticia.com\/noticias\/wp-content\/uploads\/2025\/02\/maria-770x462-1.jpg\" alt=\"\" class=\"wp-image-13619\" title=\"\" srcset=\"https:\/\/alminutonoticia.com\/noticias\/wp-content\/uploads\/2025\/02\/maria-770x462-1.jpg 770w, https:\/\/alminutonoticia.com\/noticias\/wp-content\/uploads\/2025\/02\/maria-770x462-1-300x180.jpg 300w, https:\/\/alminutonoticia.com\/noticias\/wp-content\/uploads\/2025\/02\/maria-770x462-1-768x461.jpg 768w\" sizes=\"(max-width: 770px) 100vw, 770px\" \/><\/a><\/figure>\n","protected":false},"excerpt":{"rendered":"<p>A eso de la 1:00 p.m., de este 31 de enero, una bala fue disparada al despacho superior de la presidenta de la Corte Suprema de Justicia de la Rep\u00fablica de Panam\u00e1, Mar\u00eda Eugenia L\u00f3pez. Hasta el momento, autoridades no han emitido un comunicado oficial sobre el incidente; sin embargo, extraoficialmente se detall\u00f3 que la [&hellip;]<\/p>\n","protected":false},"author":3,"featured_media":13619,"comment_status":"open","ping_status":"open","sticky":false,"template":"","format":"standard","meta":{"footnotes":""},"categories":[1],"tags":[],"class_list":["post-13618","post","type-post","status-publish","format-standard","has-post-thumbnail","hentry","category-sin-categoria"],"_links":{"self":[{"href":"https:\/\/alminutonoticia.com\/noticias\/wp-json\/wp\/v2\/posts\/13618","targetHints":{"allow":["GET"]}}],"collection":[{"href":"https:\/\/alminutonoticia.com\/noticias\/wp-json\/wp\/v2\/posts"}],"about":[{"href":"https:\/\/alminutonoticia.com\/noticias\/wp-json\/wp\/v2\/types\/post"}],"author":[{"embeddable":true,"href":"https:\/\/alminutonoticia.com\/noticias\/wp-json\/wp\/v2\/users\/3"}],"replies":[{"embeddable":true,"href":"https:\/\/alminutonoticia.com\/noticias\/wp-json\/wp\/v2\/comments?post=13618"}],"version-history":[{"count":1,"href":"https:\/\/alminutonoticia.com\/noticias\/wp-json\/wp\/v2\/posts\/13618\/revisions"}],"predecessor-version":[{"id":13620,"href":"https:\/\/alminutonoticia.com\/noticias\/wp-json\/wp\/v2\/posts\/13618\/revisions\/13620"}],"wp:featuredmedia":[{"embeddable":true,"href":"https:\/\/alminutonoticia.com\/noticias\/wp-json\/wp\/v2\/media\/13619"}],"wp:attachment":[{"href":"https:\/\/alminutonoticia.com\/noticias\/wp-json\/wp\/v2\/media?parent=13618"}],"wp:term":[{"taxonomy":"category","embeddable":true,"href":"https:\/\/alminutonoticia.com\/noticias\/wp-json\/wp\/v2\/categories?post=13618"},{"taxonomy":"post_tag","embeddable":true,"href":"https:\/\/alminutonoticia.com\/noticias\/wp-json\/wp\/v2\/tags?post=13618"}],"curies":[{"name":"wp","href":"https:\/\/api.w.org\/{rel}","templated":true}]}}