{"id":13605,"date":"2025-01-30T11:44:49","date_gmt":"2025-01-30T11:44:49","guid":{"rendered":"https:\/\/alminutonoticia.com\/noticias\/?p=13605"},"modified":"2025-01-30T11:44:50","modified_gmt":"2025-01-30T11:44:50","slug":"contralor-solicita-la-suspension-de-aumento-salarial-en-el-sector-publico","status":"publish","type":"post","link":"https:\/\/alminutonoticia.com\/noticias\/contralor-solicita-la-suspension-de-aumento-salarial-en-el-sector-publico\/","title":{"rendered":"Contralor solicita la suspensi\u00f3n de aumento salarial en el sector p\u00fablico"},"content":{"rendered":"\n<p>El Contralor General de la Rep\u00fablica, Anel Flores, solicit\u00f3 al gobierno suspender todos los aumentos salariales en el sector p\u00fablico ante la delicada situaci\u00f3n econ\u00f3mica que enfrenta el pa\u00eds.<\/p>\n\n\n\n<p>Enfatiz\u00f3 la necesidad de prudencia y responsabilidad fiscal, indicando que no es el momento adecuado para implementar aumentos salariales debido a la incapacidad del pa\u00eds para afrontar dichos gastos.<\/p>\n\n\n\n<p>\u00abNo podemos seguir aumentando salarios. Tenemos casos de juntas comunales en el interior del pa\u00eds donde representantes han decidido subirse los gastos de representaci\u00f3n a 3 mil d\u00f3lares. Esto es un popurri de gente que est\u00e1 buscando m\u00e1s dinero\u00bb, dijo Flores.<\/p>\n\n\n\n<p>Agreg\u00f3 que la Contralor\u00eda ha recibido planillas con solicitudes de aumentos salariales, las cuales han sido devueltas sin refrendos.<\/p>\n\n\n\n<p>\u00abEste Contralor no va a refrendar eso. Ya lo hab\u00edamos dicho anteriormente\u00bb, dej\u00f3 claro.<\/p>\n\n\n\n<p>\u00abEl mensaje que se enviar\u00eda al aprobar estos aumentos es claro: todos los funcionarios buscar\u00e1n lo mismo, m\u00e1s dinero. Pero este no es el momento apropiado para tales decisiones\u00bb, concluy\u00f3 el Contralor.<\/p>\n\n\n\n<figure class=\"wp-block-image size-full\"><a href=\"https:\/\/alminutonoticia.com\/noticias\/wp-content\/uploads\/2025\/01\/contrav-770x470-1.jpg\"><img fetchpriority=\"high\" decoding=\"async\" width=\"770\" height=\"470\" src=\"https:\/\/alminutonoticia.com\/noticias\/wp-content\/uploads\/2025\/01\/contrav-770x470-1.jpg\" alt=\"\" class=\"wp-image-13606\" title=\"\" srcset=\"https:\/\/alminutonoticia.com\/noticias\/wp-content\/uploads\/2025\/01\/contrav-770x470-1.jpg 770w, https:\/\/alminutonoticia.com\/noticias\/wp-content\/uploads\/2025\/01\/contrav-770x470-1-300x183.jpg 300w, https:\/\/alminutonoticia.com\/noticias\/wp-content\/uploads\/2025\/01\/contrav-770x470-1-768x469.jpg 768w\" sizes=\"(max-width: 770px) 100vw, 770px\" \/><\/a><\/figure>\n","protected":false},"excerpt":{"rendered":"<p>El Contralor General de la Rep\u00fablica, Anel Flores, solicit\u00f3 al gobierno suspender todos los aumentos salariales en el sector p\u00fablico ante la delicada situaci\u00f3n econ\u00f3mica que enfrenta el pa\u00eds. Enfatiz\u00f3 la necesidad de prudencia y responsabilidad fiscal, indicando que no es el momento adecuado para implementar aumentos salariales debido a la incapacidad del pa\u00eds para [&hellip;]<\/p>\n","protected":false},"author":3,"featured_media":13606,"comment_status":"open","ping_status":"open","sticky":false,"template":"","format":"standard","meta":{"footnotes":""},"categories":[36],"tags":[],"class_list":["post-13605","post","type-post","status-publish","format-standard","has-post-thumbnail","hentry","category-nacionales"],"_links":{"self":[{"href":"https:\/\/alminutonoticia.com\/noticias\/wp-json\/wp\/v2\/posts\/13605","targetHints":{"allow":["GET"]}}],"collection":[{"href":"https:\/\/alminutonoticia.com\/noticias\/wp-json\/wp\/v2\/posts"}],"about":[{"href":"https:\/\/alminutonoticia.com\/noticias\/wp-json\/wp\/v2\/types\/post"}],"author":[{"embeddable":true,"href":"https:\/\/alminutonoticia.com\/noticias\/wp-json\/wp\/v2\/users\/3"}],"replies":[{"embeddable":true,"href":"https:\/\/alminutonoticia.com\/noticias\/wp-json\/wp\/v2\/comments?post=13605"}],"version-history":[{"count":1,"href":"https:\/\/alminutonoticia.com\/noticias\/wp-json\/wp\/v2\/posts\/13605\/revisions"}],"predecessor-version":[{"id":13607,"href":"https:\/\/alminutonoticia.com\/noticias\/wp-json\/wp\/v2\/posts\/13605\/revisions\/13607"}],"wp:featuredmedia":[{"embeddable":true,"href":"https:\/\/alminutonoticia.com\/noticias\/wp-json\/wp\/v2\/media\/13606"}],"wp:attachment":[{"href":"https:\/\/alminutonoticia.com\/noticias\/wp-json\/wp\/v2\/media?parent=13605"}],"wp:term":[{"taxonomy":"category","embeddable":true,"href":"https:\/\/alminutonoticia.com\/noticias\/wp-json\/wp\/v2\/categories?post=13605"},{"taxonomy":"post_tag","embeddable":true,"href":"https:\/\/alminutonoticia.com\/noticias\/wp-json\/wp\/v2\/tags?post=13605"}],"curies":[{"name":"wp","href":"https:\/\/api.w.org\/{rel}","templated":true}]}}