{"id":13599,"date":"2025-01-30T11:41:10","date_gmt":"2025-01-30T11:41:10","guid":{"rendered":"https:\/\/alminutonoticia.com\/noticias\/?p=13599"},"modified":"2025-01-30T11:41:12","modified_gmt":"2025-01-30T11:41:12","slug":"aprueban-en-primer-debate-iniciativa-que-modifica-nombre-de-la-comarca-guna-yala","status":"publish","type":"post","link":"https:\/\/alminutonoticia.com\/noticias\/aprueban-en-primer-debate-iniciativa-que-modifica-nombre-de-la-comarca-guna-yala\/","title":{"rendered":"Aprueban en primer debate iniciativa que modifica nombre de la comarca Guna Yala"},"content":{"rendered":"\n<p>La Comisi\u00f3n de Asuntos Ind\u00edgenas, presidida por el diputado&nbsp;<strong>Gertrudis Rodr\u00edguez<\/strong>, aprob\u00f3 en primer debate el proyecto que modifica un art\u00edculo de la Ley 99 del 23 de diciembre de 1998, que denomina comarca&nbsp;<strong>Kuna Yala,<\/strong>&nbsp;a la comarca de San Blas y dicta otras disposiciones.<\/p>\n\n\n\n<p>La diputada Flor Brenes, proponente de la iniciativa, sostuvo que, luego de un an\u00e1lisis exhaustivo con las autoridades de la comarca, se&nbsp;trat\u00f3 el tema entre los especialistas, ling\u00fcistas gunas y las autoridades tradicionales, sobre&nbsp;cu\u00e1l debe ser el nombre y la escritura correcta en la comarca, dejando claro que el nombre correcto debe ser<strong>&nbsp;\u201cGunayala\u201d<\/strong>&nbsp;con G y no con K, unido en un solo t\u00e9rmino.<\/p>\n\n\n\n<p>En Tanto, la comisi\u00f3n prohij\u00f3 el anteproyecto de ley que crea el Patronato de la Feria Internacional de la Paruma y Pueblos Originarios de la provincia de Dari\u00e9n, propuesto por Enoel Jim\u00e9nez, a trav\u00e9s de Participaci\u00f3n Ciudadana de la Asamblea Nacional.<\/p>\n\n\n\n<p>Jim\u00e9nez se\u00f1al\u00f3 que este proyecto enaltece la belleza de la diversidad de tradiciones de nuestros pueblos originarios de la provincia de Dari\u00e9n.<\/p>\n\n\n\n<p>Con la creaci\u00f3n del patronato, se busca una estructura y organizaci\u00f3n para llevar esta iniciativa que ya se viene realizando, por dos a\u00f1os consecutivos, pero con un fortalecimiento para promoverlo tanto nacional e internacionalmente.<\/p>\n\n\n\n<p>Por otro lado, la comisi\u00f3n nombr\u00f3 una subcomisi\u00f3n para que analice el proyecto de ley 162, que establece el empoderamiento econ\u00f3mico de las mujeres ind\u00edgenas y dicta otras disposiciones, y el proyecto de Ley 161, que crea los nuevos corregimientos de Gard\u00ed, segregado del corregimiento de Nargan\u00e1, y de Uggbseni, segregado del corregimiento de Aligand\u00ed y se dictan otras disposiciones, propuesto por la diputada Flor Brenes.<\/p>\n\n\n\n<figure class=\"wp-block-image size-full\"><a href=\"https:\/\/alminutonoticia.com\/noticias\/wp-content\/uploads\/2025\/01\/gunas-1-770x462-1.jpg\"><img fetchpriority=\"high\" decoding=\"async\" width=\"770\" height=\"462\" src=\"https:\/\/alminutonoticia.com\/noticias\/wp-content\/uploads\/2025\/01\/gunas-1-770x462-1.jpg\" alt=\"\" class=\"wp-image-13600\" title=\"\" srcset=\"https:\/\/alminutonoticia.com\/noticias\/wp-content\/uploads\/2025\/01\/gunas-1-770x462-1.jpg 770w, https:\/\/alminutonoticia.com\/noticias\/wp-content\/uploads\/2025\/01\/gunas-1-770x462-1-300x180.jpg 300w, https:\/\/alminutonoticia.com\/noticias\/wp-content\/uploads\/2025\/01\/gunas-1-770x462-1-768x461.jpg 768w\" sizes=\"(max-width: 770px) 100vw, 770px\" \/><\/a><\/figure>\n","protected":false},"excerpt":{"rendered":"<p>La Comisi\u00f3n de Asuntos Ind\u00edgenas, presidida por el diputado&nbsp;Gertrudis Rodr\u00edguez, aprob\u00f3 en primer debate el proyecto que modifica un art\u00edculo de la Ley 99 del 23 de diciembre de 1998, que denomina comarca&nbsp;Kuna Yala,&nbsp;a la comarca de San Blas y dicta otras disposiciones. La diputada Flor Brenes, proponente de la iniciativa, sostuvo que, luego de [&hellip;]<\/p>\n","protected":false},"author":3,"featured_media":13600,"comment_status":"open","ping_status":"open","sticky":false,"template":"","format":"standard","meta":{"footnotes":""},"categories":[36],"tags":[],"class_list":["post-13599","post","type-post","status-publish","format-standard","has-post-thumbnail","hentry","category-nacionales"],"_links":{"self":[{"href":"https:\/\/alminutonoticia.com\/noticias\/wp-json\/wp\/v2\/posts\/13599","targetHints":{"allow":["GET"]}}],"collection":[{"href":"https:\/\/alminutonoticia.com\/noticias\/wp-json\/wp\/v2\/posts"}],"about":[{"href":"https:\/\/alminutonoticia.com\/noticias\/wp-json\/wp\/v2\/types\/post"}],"author":[{"embeddable":true,"href":"https:\/\/alminutonoticia.com\/noticias\/wp-json\/wp\/v2\/users\/3"}],"replies":[{"embeddable":true,"href":"https:\/\/alminutonoticia.com\/noticias\/wp-json\/wp\/v2\/comments?post=13599"}],"version-history":[{"count":1,"href":"https:\/\/alminutonoticia.com\/noticias\/wp-json\/wp\/v2\/posts\/13599\/revisions"}],"predecessor-version":[{"id":13601,"href":"https:\/\/alminutonoticia.com\/noticias\/wp-json\/wp\/v2\/posts\/13599\/revisions\/13601"}],"wp:featuredmedia":[{"embeddable":true,"href":"https:\/\/alminutonoticia.com\/noticias\/wp-json\/wp\/v2\/media\/13600"}],"wp:attachment":[{"href":"https:\/\/alminutonoticia.com\/noticias\/wp-json\/wp\/v2\/media?parent=13599"}],"wp:term":[{"taxonomy":"category","embeddable":true,"href":"https:\/\/alminutonoticia.com\/noticias\/wp-json\/wp\/v2\/categories?post=13599"},{"taxonomy":"post_tag","embeddable":true,"href":"https:\/\/alminutonoticia.com\/noticias\/wp-json\/wp\/v2\/tags?post=13599"}],"curies":[{"name":"wp","href":"https:\/\/api.w.org\/{rel}","templated":true}]}}