{"id":13593,"date":"2025-01-30T11:32:03","date_gmt":"2025-01-30T11:32:03","guid":{"rendered":"https:\/\/alminutonoticia.com\/noticias\/?p=13593"},"modified":"2025-01-30T11:32:06","modified_gmt":"2025-01-30T11:32:06","slug":"minsa-registra-una-defuncion-por-dengue-en-este-2025","status":"publish","type":"post","link":"https:\/\/alminutonoticia.com\/noticias\/minsa-registra-una-defuncion-por-dengue-en-este-2025\/","title":{"rendered":"Minsa registra una defunci\u00f3n por dengue en este 2025"},"content":{"rendered":"\n<p>El&nbsp;<strong>Ministerio de Salud,&nbsp;<\/strong>a trav\u00e9s del Departamento de Epidemiolog\u00eda, inform\u00f3 que hasta la&nbsp;semana epidemiol\u00f3gica N\u00b02&nbsp;(05 \u2013 11 de enero de 2025), se registr\u00f3 un total de&nbsp;649 casos acumulados de dengue a nivel nacional.<\/p>\n\n\n\n<p>De ese total,<strong>&nbsp;586 casos de dengue<\/strong>&nbsp;sin signos de alarmas; 57 con signos de alarma y 6 casos graves.<br>&nbsp;<br>El informe detall\u00f3 que, de esa cifra, la Regi\u00f3n de San Miguelito encabeza la lista con 192 casos; seguido por la Regi\u00f3n Metropolitana con&nbsp;122;&nbsp;Panam\u00e1 Norte con&nbsp;89;&nbsp;Los Santos con&nbsp;64;&nbsp;Panam\u00e1 Oeste con&nbsp;48;&nbsp;Bocas del Toro con&nbsp;28; Dari\u00e9n con&nbsp;23; Chiriqu\u00ed&nbsp;22; la Regi\u00f3n de Col\u00f3n 20 casos; le siguen Veraguas con&nbsp;13; Herrera con 11;&nbsp;Panam\u00e1 Este con&nbsp;9;&nbsp;Cocl\u00e9 5 casos; comarca Ng\u00e4be-Bugl\u00e9 con 2 casos; Guna Yala con 1 casos. No se reportan casos en personas extranjeras.<\/p>\n\n\n\n<p>El Minsa reiter\u00f3 a la poblaci\u00f3n el apoyo en la eliminaci\u00f3n de criaderos de mosquitos para evitar enfermedades transmitidas por vectores.<\/p>\n\n\n\n<p><strong>Hospitalizaciones<\/strong><br>Iniciando el 2025 tenemos registrado 48 pacientes que han requerido tratamiento intrahospitalario.<\/p>\n\n\n\n<p><strong>Defunciones<\/strong><br>El Minsa indic\u00f3 que se registra una defunci\u00f3n en lo que va del 2025 correspondiente a la Regi\u00f3n de Salud de Panam\u00e1 Este.<\/p>\n\n\n\n<p>De acuerdo con el informe la tasa de incidencia nacional en la semana epidemiol\u00f3gica n\u00famero 2 del 2025 es de 14.2 casos por<strong>&nbsp;100 mil habitantes.<\/strong><\/p>\n\n\n\n<p>El&nbsp;<strong>Minsa<\/strong>&nbsp;inform\u00f3 que los operativos para reducir los casos de dengue se intensifican en todas las regiones de salud a trav\u00e9s de los equipos de vectores.<\/p>\n\n\n\n<p>Al mismo tiempo, reitera a las&nbsp;personas el apoyo en la concientizaci\u00f3n de la eliminaci\u00f3n de todos los criaderos del mosquito, alrededor y dentro de las&nbsp;viviendas,&nbsp;con el prop\u00f3sito de evitar la&nbsp;transmisi\u00f3n del dengue,<strong>&nbsp;zika,&nbsp;chikungunya&nbsp;<\/strong>y cualquier otra enfermedad transmitida por mosquitos.<\/p>\n\n\n\n<p>Entre los principales s\u00edntomas por dengue se encuentran:&nbsp;fiebre, dolor de cabeza, malestar general, dolores en los m\u00fasculos y dolor ocular.<\/p>\n\n\n\n<p>El dengue es una enfermedad grave y potencialmente mortal, transmitida a trav\u00e9s de la picadura del mosquito de la especie&nbsp;<strong>Aedes&nbsp;aegypti.<\/strong><\/p>\n\n\n\n<figure class=\"wp-block-image size-full\"><a href=\"https:\/\/alminutonoticia.com\/noticias\/wp-content\/uploads\/2025\/01\/dengues-770x470-1.jpg\"><img fetchpriority=\"high\" decoding=\"async\" width=\"770\" height=\"470\" src=\"https:\/\/alminutonoticia.com\/noticias\/wp-content\/uploads\/2025\/01\/dengues-770x470-1.jpg\" alt=\"\" class=\"wp-image-13594\" title=\"\" srcset=\"https:\/\/alminutonoticia.com\/noticias\/wp-content\/uploads\/2025\/01\/dengues-770x470-1.jpg 770w, https:\/\/alminutonoticia.com\/noticias\/wp-content\/uploads\/2025\/01\/dengues-770x470-1-300x183.jpg 300w, https:\/\/alminutonoticia.com\/noticias\/wp-content\/uploads\/2025\/01\/dengues-770x470-1-768x469.jpg 768w\" sizes=\"(max-width: 770px) 100vw, 770px\" \/><\/a><\/figure>\n","protected":false},"excerpt":{"rendered":"<p>El&nbsp;Ministerio de Salud,&nbsp;a trav\u00e9s del Departamento de Epidemiolog\u00eda, inform\u00f3 que hasta la&nbsp;semana epidemiol\u00f3gica N\u00b02&nbsp;(05 \u2013 11 de enero de 2025), se registr\u00f3 un total de&nbsp;649 casos acumulados de dengue a nivel nacional. De ese total,&nbsp;586 casos de dengue&nbsp;sin signos de alarmas; 57 con signos de alarma y 6 casos graves.&nbsp;El informe detall\u00f3 que, de esa [&hellip;]<\/p>\n","protected":false},"author":3,"featured_media":13594,"comment_status":"open","ping_status":"open","sticky":false,"template":"","format":"standard","meta":{"footnotes":""},"categories":[36],"tags":[],"class_list":["post-13593","post","type-post","status-publish","format-standard","has-post-thumbnail","hentry","category-nacionales"],"_links":{"self":[{"href":"https:\/\/alminutonoticia.com\/noticias\/wp-json\/wp\/v2\/posts\/13593","targetHints":{"allow":["GET"]}}],"collection":[{"href":"https:\/\/alminutonoticia.com\/noticias\/wp-json\/wp\/v2\/posts"}],"about":[{"href":"https:\/\/alminutonoticia.com\/noticias\/wp-json\/wp\/v2\/types\/post"}],"author":[{"embeddable":true,"href":"https:\/\/alminutonoticia.com\/noticias\/wp-json\/wp\/v2\/users\/3"}],"replies":[{"embeddable":true,"href":"https:\/\/alminutonoticia.com\/noticias\/wp-json\/wp\/v2\/comments?post=13593"}],"version-history":[{"count":1,"href":"https:\/\/alminutonoticia.com\/noticias\/wp-json\/wp\/v2\/posts\/13593\/revisions"}],"predecessor-version":[{"id":13595,"href":"https:\/\/alminutonoticia.com\/noticias\/wp-json\/wp\/v2\/posts\/13593\/revisions\/13595"}],"wp:featuredmedia":[{"embeddable":true,"href":"https:\/\/alminutonoticia.com\/noticias\/wp-json\/wp\/v2\/media\/13594"}],"wp:attachment":[{"href":"https:\/\/alminutonoticia.com\/noticias\/wp-json\/wp\/v2\/media?parent=13593"}],"wp:term":[{"taxonomy":"category","embeddable":true,"href":"https:\/\/alminutonoticia.com\/noticias\/wp-json\/wp\/v2\/categories?post=13593"},{"taxonomy":"post_tag","embeddable":true,"href":"https:\/\/alminutonoticia.com\/noticias\/wp-json\/wp\/v2\/tags?post=13593"}],"curies":[{"name":"wp","href":"https:\/\/api.w.org\/{rel}","templated":true}]}}