{"id":13581,"date":"2025-01-29T13:09:28","date_gmt":"2025-01-29T13:09:28","guid":{"rendered":"https:\/\/alminutonoticia.com\/noticias\/?p=13581"},"modified":"2025-01-29T13:09:30","modified_gmt":"2025-01-29T13:09:30","slug":"camaras-corporales-podrian-ser-utilizadas-por-la-policia-nacional-y-el-transito","status":"publish","type":"post","link":"https:\/\/alminutonoticia.com\/noticias\/camaras-corporales-podrian-ser-utilizadas-por-la-policia-nacional-y-el-transito\/","title":{"rendered":"C\u00e1maras corporales podr\u00edan ser utilizadas por la Polic\u00eda Nacional y el Tr\u00e1nsito"},"content":{"rendered":"\n<p>Para una gesti\u00f3n m\u00e1s eficiente y transparente de los procedimientos policiales, se aprob\u00f3, en primer debate, el proyecto de ley 90, que estable el r\u00e9gimen de c\u00e1maras corporales, utilizadas por la Polic\u00eda Nacional, en la Comisi\u00f3n de Gobierno, Justicia y Asuntos Constitucionales, presidida por el diputado Luis Eduardo Camacho.<\/p>\n\n\n\n<p>El proponente de la iniciativa, el diputado Jos\u00e9 P\u00e9rez Barboni, indic\u00f3 que la cadena de custodia fue una preocupaci\u00f3n, no obstante, en las modificaciones y reglamentaci\u00f3n se prodr\u00edan hacer las adecuaciones, se est\u00e1 contemplando al Instituto de Medicina Legal y Forense para que puedan proceder con la misma mec\u00e1nica o procedimientos que ya existen.<\/p>\n\n\n\n<p>Acot\u00f3 que se est\u00e1 conversando con el Ministerio de Econom\u00eda y Finanzas y el director de la Polic\u00eda sobre el tema del presupuesto para la implementaci\u00f3n del sistema y que pueda estar en funcionamiento, de aprobarse este o el pr\u00f3ximo a\u00f1o.<\/p>\n\n\n\n<p>Por su parte, el exmagistrado de la Corte Suprema de Justicia, Jos\u00e9 Abel Almengor, explic\u00f3 la importancia de este sistema de grabaci\u00f3n, para que la informaci\u00f3n que se requiere y lo que se obtenga no sea una simple grabaci\u00f3n, sino una informaci\u00f3n que se pueda utilizar con fines judiciales; espec\u00edficamente en los procesos penales, para ello, hay que cumplir con lo referente a la huella digital, que se tenga a disposici\u00f3n todo el contenido de todo lo que se ha grabado en tiempo real.<\/p>\n\n\n\n<p>Con este sistema se tendr\u00e1 una protecci\u00f3n de la unidad policial, as\u00ed como del ciudadano, a la hora de obtener prueba en el caso de la investigaci\u00f3n.<\/p>\n\n\n\n<p>Durante la intervenci\u00f3n, la comisionada Rosa Broce se\u00f1al\u00f3 que actualmente la Polic\u00eda Nacional utiliza este sistema de c\u00e1mara a modo de ensayo.<\/p>\n\n\n\n<p>En este primer debate, participaron miembros de la Autoridad de Innovaci\u00f3n Gubernamental, de la Polic\u00eda Nacional -encargada de la parte de tecnolog\u00eda- entre otros interesados en el proyecto de Ley.<\/p>\n\n\n\n<p>La Comisi\u00f3n de Gobierno tambi\u00e9n prohij\u00f3 6 anteproyectos de Ley que buscan modificar art\u00edculos del C\u00f3digo Penal y de Procedimiento Penal, as\u00ed como art\u00edculos del C\u00f3digo Judicial.<\/p>\n\n\n\n<figure class=\"wp-block-image size-full\"><a href=\"https:\/\/alminutonoticia.com\/noticias\/wp-content\/uploads\/2025\/01\/polis.jpg\"><img fetchpriority=\"high\" decoding=\"async\" width=\"770\" height=\"470\" src=\"https:\/\/alminutonoticia.com\/noticias\/wp-content\/uploads\/2025\/01\/polis.jpg\" alt=\"\" class=\"wp-image-13582\" title=\"\" srcset=\"https:\/\/alminutonoticia.com\/noticias\/wp-content\/uploads\/2025\/01\/polis.jpg 770w, https:\/\/alminutonoticia.com\/noticias\/wp-content\/uploads\/2025\/01\/polis-300x183.jpg 300w, https:\/\/alminutonoticia.com\/noticias\/wp-content\/uploads\/2025\/01\/polis-768x469.jpg 768w\" sizes=\"(max-width: 770px) 100vw, 770px\" \/><\/a><\/figure>\n","protected":false},"excerpt":{"rendered":"<p>Para una gesti\u00f3n m\u00e1s eficiente y transparente de los procedimientos policiales, se aprob\u00f3, en primer debate, el proyecto de ley 90, que estable el r\u00e9gimen de c\u00e1maras corporales, utilizadas por la Polic\u00eda Nacional, en la Comisi\u00f3n de Gobierno, Justicia y Asuntos Constitucionales, presidida por el diputado Luis Eduardo Camacho. El proponente de la iniciativa, el [&hellip;]<\/p>\n","protected":false},"author":3,"featured_media":13582,"comment_status":"open","ping_status":"open","sticky":false,"template":"","format":"standard","meta":{"footnotes":""},"categories":[36],"tags":[],"class_list":["post-13581","post","type-post","status-publish","format-standard","has-post-thumbnail","hentry","category-nacionales"],"_links":{"self":[{"href":"https:\/\/alminutonoticia.com\/noticias\/wp-json\/wp\/v2\/posts\/13581","targetHints":{"allow":["GET"]}}],"collection":[{"href":"https:\/\/alminutonoticia.com\/noticias\/wp-json\/wp\/v2\/posts"}],"about":[{"href":"https:\/\/alminutonoticia.com\/noticias\/wp-json\/wp\/v2\/types\/post"}],"author":[{"embeddable":true,"href":"https:\/\/alminutonoticia.com\/noticias\/wp-json\/wp\/v2\/users\/3"}],"replies":[{"embeddable":true,"href":"https:\/\/alminutonoticia.com\/noticias\/wp-json\/wp\/v2\/comments?post=13581"}],"version-history":[{"count":1,"href":"https:\/\/alminutonoticia.com\/noticias\/wp-json\/wp\/v2\/posts\/13581\/revisions"}],"predecessor-version":[{"id":13583,"href":"https:\/\/alminutonoticia.com\/noticias\/wp-json\/wp\/v2\/posts\/13581\/revisions\/13583"}],"wp:featuredmedia":[{"embeddable":true,"href":"https:\/\/alminutonoticia.com\/noticias\/wp-json\/wp\/v2\/media\/13582"}],"wp:attachment":[{"href":"https:\/\/alminutonoticia.com\/noticias\/wp-json\/wp\/v2\/media?parent=13581"}],"wp:term":[{"taxonomy":"category","embeddable":true,"href":"https:\/\/alminutonoticia.com\/noticias\/wp-json\/wp\/v2\/categories?post=13581"},{"taxonomy":"post_tag","embeddable":true,"href":"https:\/\/alminutonoticia.com\/noticias\/wp-json\/wp\/v2\/tags?post=13581"}],"curies":[{"name":"wp","href":"https:\/\/api.w.org\/{rel}","templated":true}]}}