{"id":13575,"date":"2025-01-29T13:05:35","date_gmt":"2025-01-29T13:05:35","guid":{"rendered":"https:\/\/alminutonoticia.com\/noticias\/?p=13575"},"modified":"2025-01-29T13:05:37","modified_gmt":"2025-01-29T13:05:37","slug":"mulino-se-reune-con-el-consejo-nacional-de-relaciones-exteriores","status":"publish","type":"post","link":"https:\/\/alminutonoticia.com\/noticias\/mulino-se-reune-con-el-consejo-nacional-de-relaciones-exteriores\/","title":{"rendered":"Mulino se re\u00fane con el Consejo Nacional de Relaciones Exteriores"},"content":{"rendered":"\n<p>El presidente de la Rep\u00fablica, Jos\u00e9 Ra\u00fal Mulino, se reuni\u00f3 -este lunes, 27 de enero- con los miembros que integran el&nbsp;<strong>Consejo Nacional de Relaciones Exteriores&nbsp;<\/strong>y con los embajadores de la Organizaci\u00f3n de las Naciones Unidas,&nbsp;<strong>OEA<\/strong>&nbsp;y el embajador de Panam\u00e1 en Washington, Ana Irene Delgado, Eloy Alfaro y Jaime Alem\u00e1n.&nbsp;<\/p>\n\n\n\n<p>En el encuentro con este concejo, ente encargado de asesorar al Gobierno Central en materia internacional, tambi\u00e9n asistieron el expresidente<strong>&nbsp;Aristides Royo<\/strong>&nbsp;y Adolfo Ahumada destacados paname\u00f1os quienes participaron en la negociaci\u00f3n del&nbsp;<strong>Tratado Torrijos-Carter<\/strong>&nbsp;y del Tratado de Neutralidad.<\/p>\n\n\n\n<p>Durante la reuni\u00f3n se analizaron temas como la administraci\u00f3n del&nbsp;<strong>Canal de Panam\u00e1<\/strong>&nbsp;y la migraci\u00f3n por el Dari\u00e9n.&nbsp;<\/p>\n\n\n\n<p>\u201cEl canal es administrado de manera eficiente por manos paname\u00f1as y la crisis en Dari\u00e9n ha sido estabilizada\u201d, inform\u00f3 el presidente&nbsp;<strong>Mulino.&nbsp;&nbsp;<\/strong><\/p>\n\n\n\n<p>Tambi\u00e9n estuvieron los ministros Juan Carlos Orillac, Felipe Chapman y Jos\u00e9 Ram\u00f3n Icaza, de la Presidencia, Econom\u00eda y Finanzas, y Asuntos del Canal, respectivamente.<\/p>\n\n\n\n<p>El Consejo de Relaciones Exteriores lo integran: Carlos Cordero, An\u00edbal Galindo, Enrique Illueca, H\u00e9ctor Infante, Carlos Moreno; la expresidenta de la Rep\u00fablica Mireya Moscoso, Dovi Eisenmann Salzer, Omar Ja\u00e9n Su\u00e1rez, Jorge Vallarino y Alberto Alem\u00e1n Zubieta.<\/p>\n\n\n\n<figure class=\"wp-block-image size-full\"><a href=\"https:\/\/alminutonoticia.com\/noticias\/wp-content\/uploads\/2025\/01\/mulino-736x470-1.jpg\"><img fetchpriority=\"high\" decoding=\"async\" width=\"736\" height=\"470\" src=\"https:\/\/alminutonoticia.com\/noticias\/wp-content\/uploads\/2025\/01\/mulino-736x470-1.jpg\" alt=\"\" class=\"wp-image-13576\" title=\"\" srcset=\"https:\/\/alminutonoticia.com\/noticias\/wp-content\/uploads\/2025\/01\/mulino-736x470-1.jpg 736w, https:\/\/alminutonoticia.com\/noticias\/wp-content\/uploads\/2025\/01\/mulino-736x470-1-300x192.jpg 300w\" sizes=\"(max-width: 736px) 100vw, 736px\" \/><\/a><\/figure>\n","protected":false},"excerpt":{"rendered":"<p>El presidente de la Rep\u00fablica, Jos\u00e9 Ra\u00fal Mulino, se reuni\u00f3 -este lunes, 27 de enero- con los miembros que integran el&nbsp;Consejo Nacional de Relaciones Exteriores&nbsp;y con los embajadores de la Organizaci\u00f3n de las Naciones Unidas,&nbsp;OEA&nbsp;y el embajador de Panam\u00e1 en Washington, Ana Irene Delgado, Eloy Alfaro y Jaime Alem\u00e1n.&nbsp; En el encuentro con este concejo, [&hellip;]<\/p>\n","protected":false},"author":3,"featured_media":13576,"comment_status":"open","ping_status":"open","sticky":false,"template":"","format":"standard","meta":{"footnotes":""},"categories":[36,39],"tags":[],"class_list":["post-13575","post","type-post","status-publish","format-standard","has-post-thumbnail","hentry","category-nacionales","category-internacionales"],"_links":{"self":[{"href":"https:\/\/alminutonoticia.com\/noticias\/wp-json\/wp\/v2\/posts\/13575","targetHints":{"allow":["GET"]}}],"collection":[{"href":"https:\/\/alminutonoticia.com\/noticias\/wp-json\/wp\/v2\/posts"}],"about":[{"href":"https:\/\/alminutonoticia.com\/noticias\/wp-json\/wp\/v2\/types\/post"}],"author":[{"embeddable":true,"href":"https:\/\/alminutonoticia.com\/noticias\/wp-json\/wp\/v2\/users\/3"}],"replies":[{"embeddable":true,"href":"https:\/\/alminutonoticia.com\/noticias\/wp-json\/wp\/v2\/comments?post=13575"}],"version-history":[{"count":1,"href":"https:\/\/alminutonoticia.com\/noticias\/wp-json\/wp\/v2\/posts\/13575\/revisions"}],"predecessor-version":[{"id":13577,"href":"https:\/\/alminutonoticia.com\/noticias\/wp-json\/wp\/v2\/posts\/13575\/revisions\/13577"}],"wp:featuredmedia":[{"embeddable":true,"href":"https:\/\/alminutonoticia.com\/noticias\/wp-json\/wp\/v2\/media\/13576"}],"wp:attachment":[{"href":"https:\/\/alminutonoticia.com\/noticias\/wp-json\/wp\/v2\/media?parent=13575"}],"wp:term":[{"taxonomy":"category","embeddable":true,"href":"https:\/\/alminutonoticia.com\/noticias\/wp-json\/wp\/v2\/categories?post=13575"},{"taxonomy":"post_tag","embeddable":true,"href":"https:\/\/alminutonoticia.com\/noticias\/wp-json\/wp\/v2\/tags?post=13575"}],"curies":[{"name":"wp","href":"https:\/\/api.w.org\/{rel}","templated":true}]}}