{"id":13568,"date":"2025-01-29T13:00:10","date_gmt":"2025-01-29T13:00:10","guid":{"rendered":"https:\/\/alminutonoticia.com\/noticias\/?p=13568"},"modified":"2025-01-29T13:00:12","modified_gmt":"2025-01-29T13:00:12","slug":"mi-ambiente-ofrece-recompensa-de-3-mil-dolares-para-dar-con-los-responsables-del-incendio-en-cerro-guacamaya","status":"publish","type":"post","link":"https:\/\/alminutonoticia.com\/noticias\/mi-ambiente-ofrece-recompensa-de-3-mil-dolares-para-dar-con-los-responsables-del-incendio-en-cerro-guacamaya\/","title":{"rendered":"Mi Ambiente ofrece recompensa de 3 mil d\u00f3lares para dar con los responsables del incendio en cerro Guacamaya"},"content":{"rendered":"\n<p>Tras el incendio en el Cerro Guacamaya, el ministro Juan Carlos Navarro hizo un llamado a la comunidad para sumar esfuerzos, prevenir y denunciar a aquellas personas irresponsables que insisten en provocar incendios forestales.<\/p>\n\n\n\n<p>Son 3 mil d\u00f3lares recompensa que ofrece el Ministerio de Ambiente a la persona que brinde informaci\u00f3n que permita identificar a los responsables del incendio en cerro Guacamaya, en la provincia de Cocl\u00e9, el cual afect\u00f3 a m\u00e1s de 1,500 hect\u00e1reas de bosque y pajonales naturales.<\/p>\n\n\n\n<p>Las personas pueden comunicarse con la instituci\u00f3n a trav\u00e9s de las redes sociales, p\u00e1gina oficial de Mi Ambiente, llamando al 311 o acudiendo a la sede regional m\u00e1s cercana.<\/p>\n\n\n\n<p>La tarde de este 27 de enero unidades del Benem\u00e9rito Cuerpo de Bomberos de la Rep\u00fablica de Panam\u00e1 (BCBRP), del Sistema Nacional de Protecci\u00f3n Civil (SINAPROC), del Servicio Nacional Aeronaval (SENAN), junto a brigadistas, voluntarios y funcionarios del Ministerio de Ambiente (Mi Ambiente) lograron controlar y extinguir el incendio de masa vegetal (IMAVE) que afect\u00f3 el cerro Guacamaya.<\/p>\n\n\n\n<p>Durante cuatro d\u00edas, m\u00e1s de 80 personas de los Bomberos, Mi Ambiente, las brigadas voluntarias y el SINAPROC se enfrentaron a lo quebrado del terreno, a las altas temperaturas y a los fuertes vientos, arriesgando sus propias vidas para sofocar el incendio. El esfuerzo fue posible gracias a la coordinaci\u00f3n mancomunada entre las instituciones y al apoyo de la Gobernaci\u00f3n de Cocl\u00e9, las autoridades locales en Penonom\u00e9 y diversas empresas privadas que apoyaron el esfuerzo.<\/p>\n\n\n\n<p>Para la extinci\u00f3n de este incendio fue necesaria la intervenci\u00f3n de un helic\u00f3ptero del Servicio Nacional Aeronaval (SENAN), utilizando el sistema Bambi Bucket para verter m\u00e1s de 1,800 galones de agua sobre los diversos focos incendiarios.<\/p>\n\n\n\n<p>\u201cMi Ambiente ha recibido indicios de que hubo mano criminal en este terrible incendio forestal, que ha destruido 1,500 hect\u00e1reas y puesto en riesgo las tomas de agua de 52 comunidades en el \u00e1rea de Ca\u00f1averal. Anuncio hoy que nuestro ministerio ser\u00e1 implacable en dar con los responsables de este acto criminal: en la Direcci\u00f3n Regional de Cocl\u00e9 ya est\u00e1n levantando los procesos legales pertinentes para aplicar todo el peso de la ley a quienes resulten porque responsables,\u201d dijo Juan Carlos Navarro, ministro de Ambiente, durante gira de trabajo en el sitio.<\/p>\n\n\n\n<figure class=\"wp-block-image size-full\"><a href=\"https:\/\/alminutonoticia.com\/noticias\/wp-content\/uploads\/2025\/01\/guacamayas-tres.jpg\"><img fetchpriority=\"high\" decoding=\"async\" width=\"750\" height=\"420\" src=\"https:\/\/alminutonoticia.com\/noticias\/wp-content\/uploads\/2025\/01\/guacamayas-tres.jpg\" alt=\"\" class=\"wp-image-13569\" title=\"\" srcset=\"https:\/\/alminutonoticia.com\/noticias\/wp-content\/uploads\/2025\/01\/guacamayas-tres.jpg 750w, https:\/\/alminutonoticia.com\/noticias\/wp-content\/uploads\/2025\/01\/guacamayas-tres-300x168.jpg 300w\" sizes=\"(max-width: 750px) 100vw, 750px\" \/><\/a><\/figure>\n","protected":false},"excerpt":{"rendered":"<p>Tras el incendio en el Cerro Guacamaya, el ministro Juan Carlos Navarro hizo un llamado a la comunidad para sumar esfuerzos, prevenir y denunciar a aquellas personas irresponsables que insisten en provocar incendios forestales. Son 3 mil d\u00f3lares recompensa que ofrece el Ministerio de Ambiente a la persona que brinde informaci\u00f3n que permita identificar a [&hellip;]<\/p>\n","protected":false},"author":3,"featured_media":13569,"comment_status":"open","ping_status":"open","sticky":false,"template":"","format":"standard","meta":{"footnotes":""},"categories":[36],"tags":[],"class_list":["post-13568","post","type-post","status-publish","format-standard","has-post-thumbnail","hentry","category-nacionales"],"_links":{"self":[{"href":"https:\/\/alminutonoticia.com\/noticias\/wp-json\/wp\/v2\/posts\/13568","targetHints":{"allow":["GET"]}}],"collection":[{"href":"https:\/\/alminutonoticia.com\/noticias\/wp-json\/wp\/v2\/posts"}],"about":[{"href":"https:\/\/alminutonoticia.com\/noticias\/wp-json\/wp\/v2\/types\/post"}],"author":[{"embeddable":true,"href":"https:\/\/alminutonoticia.com\/noticias\/wp-json\/wp\/v2\/users\/3"}],"replies":[{"embeddable":true,"href":"https:\/\/alminutonoticia.com\/noticias\/wp-json\/wp\/v2\/comments?post=13568"}],"version-history":[{"count":1,"href":"https:\/\/alminutonoticia.com\/noticias\/wp-json\/wp\/v2\/posts\/13568\/revisions"}],"predecessor-version":[{"id":13570,"href":"https:\/\/alminutonoticia.com\/noticias\/wp-json\/wp\/v2\/posts\/13568\/revisions\/13570"}],"wp:featuredmedia":[{"embeddable":true,"href":"https:\/\/alminutonoticia.com\/noticias\/wp-json\/wp\/v2\/media\/13569"}],"wp:attachment":[{"href":"https:\/\/alminutonoticia.com\/noticias\/wp-json\/wp\/v2\/media?parent=13568"}],"wp:term":[{"taxonomy":"category","embeddable":true,"href":"https:\/\/alminutonoticia.com\/noticias\/wp-json\/wp\/v2\/categories?post=13568"},{"taxonomy":"post_tag","embeddable":true,"href":"https:\/\/alminutonoticia.com\/noticias\/wp-json\/wp\/v2\/tags?post=13568"}],"curies":[{"name":"wp","href":"https:\/\/api.w.org\/{rel}","templated":true}]}}