{"id":13565,"date":"2025-01-29T12:57:48","date_gmt":"2025-01-29T12:57:48","guid":{"rendered":"https:\/\/alminutonoticia.com\/noticias\/?p=13565"},"modified":"2025-01-29T12:57:50","modified_gmt":"2025-01-29T12:57:50","slug":"nombran-permanentes-a-enfermeras-contratadas-temporalmente-durante-la-pandemia","status":"publish","type":"post","link":"https:\/\/alminutonoticia.com\/noticias\/nombran-permanentes-a-enfermeras-contratadas-temporalmente-durante-la-pandemia\/","title":{"rendered":"Nombran permanentes a enfermeras contratadas temporalmente durante la pandemia"},"content":{"rendered":"\n<p>El Ministerio de Salud otorg\u00f3 la permanencia a 1,568 personal de enfermer\u00eda que se manten\u00edan con contratos temporales desde el 2020.<\/p>\n\n\n\n<p>El ministro de Salud, Fernando Boyd Galindo, cumpliendo con su palabra empe\u00f1ada, inici\u00f3 desde octubre de 2024 las gestiones necesarias para lograr el financiamiento de posiciones permanentes, haciendo justicia con este personal contratado de manera temporal para apoyar durante la Pandemia de COVID-19, y que actualmente se encuentran distribuidos en todas las regiones de salud.<\/p>\n\n\n\n<p>Actualmente, los decretos de nombramiento permanentes, del personal de enfermer\u00eda de contrato temporal, se encuentran realizando el recorrido para el tr\u00e1mite de firmas de las autoridades correspondientes.<\/p>\n\n\n\n<p>Es importante destacar que este personal de enfermer\u00eda recibir\u00e1 el pago del bono de productividad correspondiente al mes de diciembre de 2024, que ser\u00e1 efectivo este mi\u00e9rcoles 29 de enero del presente a\u00f1o.<\/p>\n\n\n\n<figure class=\"wp-block-image size-full\"><a href=\"https:\/\/alminutonoticia.com\/noticias\/wp-content\/uploads\/2025\/01\/enfermeras-735x470-1.jpg\"><img fetchpriority=\"high\" decoding=\"async\" width=\"735\" height=\"470\" src=\"https:\/\/alminutonoticia.com\/noticias\/wp-content\/uploads\/2025\/01\/enfermeras-735x470-1.jpg\" alt=\"\" class=\"wp-image-13566\" title=\"\" srcset=\"https:\/\/alminutonoticia.com\/noticias\/wp-content\/uploads\/2025\/01\/enfermeras-735x470-1.jpg 735w, https:\/\/alminutonoticia.com\/noticias\/wp-content\/uploads\/2025\/01\/enfermeras-735x470-1-300x192.jpg 300w\" sizes=\"(max-width: 735px) 100vw, 735px\" \/><\/a><\/figure>\n","protected":false},"excerpt":{"rendered":"<p>El Ministerio de Salud otorg\u00f3 la permanencia a 1,568 personal de enfermer\u00eda que se manten\u00edan con contratos temporales desde el 2020. El ministro de Salud, Fernando Boyd Galindo, cumpliendo con su palabra empe\u00f1ada, inici\u00f3 desde octubre de 2024 las gestiones necesarias para lograr el financiamiento de posiciones permanentes, haciendo justicia con este personal contratado de [&hellip;]<\/p>\n","protected":false},"author":3,"featured_media":13566,"comment_status":"open","ping_status":"open","sticky":false,"template":"","format":"standard","meta":{"footnotes":""},"categories":[45,36],"tags":[],"class_list":["post-13565","post","type-post","status-publish","format-standard","has-post-thumbnail","hentry","category-salud","category-nacionales"],"_links":{"self":[{"href":"https:\/\/alminutonoticia.com\/noticias\/wp-json\/wp\/v2\/posts\/13565","targetHints":{"allow":["GET"]}}],"collection":[{"href":"https:\/\/alminutonoticia.com\/noticias\/wp-json\/wp\/v2\/posts"}],"about":[{"href":"https:\/\/alminutonoticia.com\/noticias\/wp-json\/wp\/v2\/types\/post"}],"author":[{"embeddable":true,"href":"https:\/\/alminutonoticia.com\/noticias\/wp-json\/wp\/v2\/users\/3"}],"replies":[{"embeddable":true,"href":"https:\/\/alminutonoticia.com\/noticias\/wp-json\/wp\/v2\/comments?post=13565"}],"version-history":[{"count":1,"href":"https:\/\/alminutonoticia.com\/noticias\/wp-json\/wp\/v2\/posts\/13565\/revisions"}],"predecessor-version":[{"id":13567,"href":"https:\/\/alminutonoticia.com\/noticias\/wp-json\/wp\/v2\/posts\/13565\/revisions\/13567"}],"wp:featuredmedia":[{"embeddable":true,"href":"https:\/\/alminutonoticia.com\/noticias\/wp-json\/wp\/v2\/media\/13566"}],"wp:attachment":[{"href":"https:\/\/alminutonoticia.com\/noticias\/wp-json\/wp\/v2\/media?parent=13565"}],"wp:term":[{"taxonomy":"category","embeddable":true,"href":"https:\/\/alminutonoticia.com\/noticias\/wp-json\/wp\/v2\/categories?post=13565"},{"taxonomy":"post_tag","embeddable":true,"href":"https:\/\/alminutonoticia.com\/noticias\/wp-json\/wp\/v2\/tags?post=13565"}],"curies":[{"name":"wp","href":"https:\/\/api.w.org\/{rel}","templated":true}]}}