{"id":13547,"date":"2025-01-29T12:46:24","date_gmt":"2025-01-29T12:46:24","guid":{"rendered":"https:\/\/alminutonoticia.com\/noticias\/?p=13547"},"modified":"2025-01-29T12:46:26","modified_gmt":"2025-01-29T12:46:26","slug":"aviso-de-vigilancia-por-vientos-y-oleajes-sobre-el-pacifico-y-el-caribe","status":"publish","type":"post","link":"https:\/\/alminutonoticia.com\/noticias\/aviso-de-vigilancia-por-vientos-y-oleajes-sobre-el-pacifico-y-el-caribe\/","title":{"rendered":"Aviso de Vigilancia por vientos y oleajes sobre el Pac\u00edfico y el Caribe"},"content":{"rendered":"\n<p>El Sistema Nacional de Protecci\u00f3n Civil&nbsp;<strong>(Sinaproc)<\/strong>&nbsp;comunic\u00f3 que se mantiene un aviso de vigilancia por condiciones&nbsp;<strong>ventosas y oleajes&nbsp;<\/strong>en el Pac\u00edfico y Caribe paname\u00f1o, vigente hasta este 29 de enero de 2025.<\/p>\n\n\n\n<p><strong>El aviso incluye las siguientes zonas del litoral pac\u00edfico:<\/strong><\/p>\n\n\n\n<ul class=\"wp-block-list\">\n<li>Pac\u00edfico Occidental: Golfo de Chiriqu\u00ed, con olas de 0.5 a 1.5 metros de altura y periodos de 10 a 17 segundos.<\/li>\n\n\n\n<li>Pac\u00edfico Central: Sur de Veraguas y Los Santos, con olas entre 0.5 y 1.5 metros de altura y periodos de 10 a 16 segundos.<\/li>\n\n\n\n<li>Pac\u00edfico Oriental: Golfo y Bah\u00eda de Panam\u00e1, con olas de 0.5 a 1.5 metros de altura y periodos de 10 a 15 segundos.<\/li>\n<\/ul>\n\n\n\n<p><strong>El aviso incluye las zonas del caribe paname\u00f1o:<\/strong><\/p>\n\n\n\n<ul class=\"wp-block-list\">\n<li>Caribe Oriental: Costa Arriba de Col\u00f3n y la comarca Guna Yala con olas de 1.5 a 2.5 metros de altura y periodos 7 a 10 segundos.<\/li>\n\n\n\n<li>Caribe Central: Costa Abajo de Col\u00f3n y Veraguas Norte con olas de 1.0 a 2.0 metros de altura y periodos de 7 a 10 segundos.<\/li>\n\n\n\n<li>Caribe Occidental: Comarca Ng\u00e4be-Bugl\u00e9 y Bocas del Toro con olas de 1.0 a 2.0 metros de altura y periodos 7 a 9 segundos.<\/li>\n<\/ul>\n\n\n\n<p><strong>Condiciones mar\u00edtimas adversas<\/strong><\/p>\n\n\n\n<p>El Instituto de Meteorolog\u00eda e Hidrolog\u00eda de Panam\u00e1 (IMHPA), informa que las regiones del Golfo de Panam\u00e1 y \u00e1rea mar\u00edtima de Azuero presentan condiciones de precauci\u00f3n ante los fuertes vientos, lo que podr\u00eda poner en riesgo a las embarcaciones de peque\u00f1o a mediado calado, entre algunas otras actividades.<\/p>\n\n\n\n<p>Se observa un desplazamiento de amplios sistemas de altas presiones sobre el oc\u00e9ano Atl\u00e1ntico, generando condiciones ventosas sobre el Mar Caribe, ocasionando oleajes de larga duraci\u00f3n y de forma frecuente (mar picado) y posibles corrientes de resacas, indica el IMHPA.<\/p>\n\n\n\n<p><strong>Para mitigar los riesgos asociados, el Sinaproc exhorta a la poblaci\u00f3n a seguir las siguientes recomendaciones:<\/strong><\/p>\n\n\n\n<ul class=\"wp-block-list\">\n<li>A los capitanes de embarcaciones livianas, extremar las precauciones y portar implementos de seguridad.<\/li>\n\n\n\n<li>Evitar ba\u00f1arse o realizar actividades recreativas en el mar.<\/li>\n\n\n\n<li>No instalar carpas u otros equipos cerca de la orilla del mar o en zonas costeras.<\/li>\n\n\n\n<li>Atender las normas y directrices emitidas por los estamentos de seguridad y emergencias.<\/li>\n\n\n\n<li>Ante cualquier emergencia, la poblaci\u00f3n puede comunicarse a los n\u00fameros 520-4426, 911 o 6998-4809.<\/li>\n<\/ul>\n\n\n\n<figure class=\"wp-block-image size-full\"><a href=\"https:\/\/alminutonoticia.com\/noticias\/wp-content\/uploads\/2025\/01\/aviso.jpg\"><img fetchpriority=\"high\" decoding=\"async\" width=\"711\" height=\"424\" src=\"https:\/\/alminutonoticia.com\/noticias\/wp-content\/uploads\/2025\/01\/aviso.jpg\" alt=\"\" class=\"wp-image-13548\" title=\"\" srcset=\"https:\/\/alminutonoticia.com\/noticias\/wp-content\/uploads\/2025\/01\/aviso.jpg 711w, https:\/\/alminutonoticia.com\/noticias\/wp-content\/uploads\/2025\/01\/aviso-300x179.jpg 300w\" sizes=\"(max-width: 711px) 100vw, 711px\" \/><\/a><\/figure>\n","protected":false},"excerpt":{"rendered":"<p>El Sistema Nacional de Protecci\u00f3n Civil&nbsp;(Sinaproc)&nbsp;comunic\u00f3 que se mantiene un aviso de vigilancia por condiciones&nbsp;ventosas y oleajes&nbsp;en el Pac\u00edfico y Caribe paname\u00f1o, vigente hasta este 29 de enero de 2025. El aviso incluye las siguientes zonas del litoral pac\u00edfico: El aviso incluye las zonas del caribe paname\u00f1o: Condiciones mar\u00edtimas adversas El Instituto de Meteorolog\u00eda e [&hellip;]<\/p>\n","protected":false},"author":3,"featured_media":13548,"comment_status":"open","ping_status":"open","sticky":false,"template":"","format":"standard","meta":{"footnotes":""},"categories":[36],"tags":[],"class_list":["post-13547","post","type-post","status-publish","format-standard","has-post-thumbnail","hentry","category-nacionales"],"_links":{"self":[{"href":"https:\/\/alminutonoticia.com\/noticias\/wp-json\/wp\/v2\/posts\/13547","targetHints":{"allow":["GET"]}}],"collection":[{"href":"https:\/\/alminutonoticia.com\/noticias\/wp-json\/wp\/v2\/posts"}],"about":[{"href":"https:\/\/alminutonoticia.com\/noticias\/wp-json\/wp\/v2\/types\/post"}],"author":[{"embeddable":true,"href":"https:\/\/alminutonoticia.com\/noticias\/wp-json\/wp\/v2\/users\/3"}],"replies":[{"embeddable":true,"href":"https:\/\/alminutonoticia.com\/noticias\/wp-json\/wp\/v2\/comments?post=13547"}],"version-history":[{"count":1,"href":"https:\/\/alminutonoticia.com\/noticias\/wp-json\/wp\/v2\/posts\/13547\/revisions"}],"predecessor-version":[{"id":13549,"href":"https:\/\/alminutonoticia.com\/noticias\/wp-json\/wp\/v2\/posts\/13547\/revisions\/13549"}],"wp:featuredmedia":[{"embeddable":true,"href":"https:\/\/alminutonoticia.com\/noticias\/wp-json\/wp\/v2\/media\/13548"}],"wp:attachment":[{"href":"https:\/\/alminutonoticia.com\/noticias\/wp-json\/wp\/v2\/media?parent=13547"}],"wp:term":[{"taxonomy":"category","embeddable":true,"href":"https:\/\/alminutonoticia.com\/noticias\/wp-json\/wp\/v2\/categories?post=13547"},{"taxonomy":"post_tag","embeddable":true,"href":"https:\/\/alminutonoticia.com\/noticias\/wp-json\/wp\/v2\/tags?post=13547"}],"curies":[{"name":"wp","href":"https:\/\/api.w.org\/{rel}","templated":true}]}}