{"id":13544,"date":"2025-01-29T12:45:02","date_gmt":"2025-01-29T12:45:02","guid":{"rendered":"https:\/\/alminutonoticia.com\/noticias\/?p=13544"},"modified":"2025-01-29T12:45:05","modified_gmt":"2025-01-29T12:45:05","slug":"cerca-de-300-damnificados-en-el-incendio-ocurrido-en-tubuala-comarca-guna-yala","status":"publish","type":"post","link":"https:\/\/alminutonoticia.com\/noticias\/cerca-de-300-damnificados-en-el-incendio-ocurrido-en-tubuala-comarca-guna-yala\/","title":{"rendered":"Cerca de 300 damnificados en el incendio ocurrido en Tubual\u00e1, comarca Guna Yala"},"content":{"rendered":"\n<p>Una delegaci\u00f3n del Gobierno Nacional, encabezada por la ministra de Gobierno, Dinoska Montalvo se traslad\u00f3 este lunes a llevar asistencia humanitaria a la comunidad de Tubual\u00e1, en la comarca Guna Yala, afectada la tarde de este domingo por un incendio que dej\u00f3 unas 24 viviendas afectadas y cerca de 300 personas damnificadas.<\/p>\n\n\n\n<p>La ministra Montalvo adelant\u00f3 que no se reportan v\u00edctimas fatales, pero si tres personas lesionadas.<\/p>\n\n\n\n<p>El director del Benem\u00e9rito Cuerpo de Bomberos de la Rep\u00fablica de Panam\u00e1 (BCBRP), V\u00edctor Ra\u00fal \u00c1lvarez dijo que se traslad\u00f3 personal de las zonas de Col\u00f3n y Panam\u00e1 Este, para poder determinar las causas de este incendio, ya que preliminarmente se habla de la explosi\u00f3n de un tanque de gas.<\/p>\n\n\n\n<p>Por su parte, Omar Smith, director del Sistema Nacional de Protecci\u00f3n Civil (Sinaproc), indic\u00f3 que la poblaci\u00f3n se ubicar\u00e1 en la casa comunal y la escuela del lugar. Detall\u00f3 que los funcionarios de la entidad est\u00e1n recibiendo las asistencias humanitarias para luego ser remitida a trav\u00e9s del Servicio Nacional de Fronteras (Senafront) y el Servicio Nacional Aeronaval).<\/p>\n\n\n\n<p>El viceministro de Vivienda, Fernando M\u00e9ndez se\u00f1al\u00f3 que adem\u00e1s de las 24 viviendas afectadas en su totalidad, y aproximadamente 15 parcialmente.<\/p>\n\n\n\n<figure class=\"wp-block-image size-full\"><a href=\"https:\/\/alminutonoticia.com\/noticias\/wp-content\/uploads\/2025\/01\/cuartos.jpg\"><img fetchpriority=\"high\" decoding=\"async\" width=\"732\" height=\"338\" src=\"https:\/\/alminutonoticia.com\/noticias\/wp-content\/uploads\/2025\/01\/cuartos.jpg\" alt=\"\" class=\"wp-image-13545\" title=\"\" srcset=\"https:\/\/alminutonoticia.com\/noticias\/wp-content\/uploads\/2025\/01\/cuartos.jpg 732w, https:\/\/alminutonoticia.com\/noticias\/wp-content\/uploads\/2025\/01\/cuartos-300x139.jpg 300w\" sizes=\"(max-width: 732px) 100vw, 732px\" \/><\/a><\/figure>\n","protected":false},"excerpt":{"rendered":"<p>Una delegaci\u00f3n del Gobierno Nacional, encabezada por la ministra de Gobierno, Dinoska Montalvo se traslad\u00f3 este lunes a llevar asistencia humanitaria a la comunidad de Tubual\u00e1, en la comarca Guna Yala, afectada la tarde de este domingo por un incendio que dej\u00f3 unas 24 viviendas afectadas y cerca de 300 personas damnificadas. La ministra Montalvo [&hellip;]<\/p>\n","protected":false},"author":3,"featured_media":13545,"comment_status":"open","ping_status":"open","sticky":false,"template":"","format":"standard","meta":{"footnotes":""},"categories":[36],"tags":[],"class_list":["post-13544","post","type-post","status-publish","format-standard","has-post-thumbnail","hentry","category-nacionales"],"_links":{"self":[{"href":"https:\/\/alminutonoticia.com\/noticias\/wp-json\/wp\/v2\/posts\/13544","targetHints":{"allow":["GET"]}}],"collection":[{"href":"https:\/\/alminutonoticia.com\/noticias\/wp-json\/wp\/v2\/posts"}],"about":[{"href":"https:\/\/alminutonoticia.com\/noticias\/wp-json\/wp\/v2\/types\/post"}],"author":[{"embeddable":true,"href":"https:\/\/alminutonoticia.com\/noticias\/wp-json\/wp\/v2\/users\/3"}],"replies":[{"embeddable":true,"href":"https:\/\/alminutonoticia.com\/noticias\/wp-json\/wp\/v2\/comments?post=13544"}],"version-history":[{"count":1,"href":"https:\/\/alminutonoticia.com\/noticias\/wp-json\/wp\/v2\/posts\/13544\/revisions"}],"predecessor-version":[{"id":13546,"href":"https:\/\/alminutonoticia.com\/noticias\/wp-json\/wp\/v2\/posts\/13544\/revisions\/13546"}],"wp:featuredmedia":[{"embeddable":true,"href":"https:\/\/alminutonoticia.com\/noticias\/wp-json\/wp\/v2\/media\/13545"}],"wp:attachment":[{"href":"https:\/\/alminutonoticia.com\/noticias\/wp-json\/wp\/v2\/media?parent=13544"}],"wp:term":[{"taxonomy":"category","embeddable":true,"href":"https:\/\/alminutonoticia.com\/noticias\/wp-json\/wp\/v2\/categories?post=13544"},{"taxonomy":"post_tag","embeddable":true,"href":"https:\/\/alminutonoticia.com\/noticias\/wp-json\/wp\/v2\/tags?post=13544"}],"curies":[{"name":"wp","href":"https:\/\/api.w.org\/{rel}","templated":true}]}}