{"id":13537,"date":"2025-01-27T16:46:30","date_gmt":"2025-01-27T16:46:30","guid":{"rendered":"https:\/\/alminutonoticia.com\/noticias\/?p=13537"},"modified":"2025-01-27T16:46:32","modified_gmt":"2025-01-27T16:46:32","slug":"ordenan-detencion-provisional-a-la-mujer-que-maltrataba-a-su-hijita-en-los-santos","status":"publish","type":"post","link":"https:\/\/alminutonoticia.com\/noticias\/ordenan-detencion-provisional-a-la-mujer-que-maltrataba-a-su-hijita-en-los-santos\/","title":{"rendered":"Ordenan detenci\u00f3n provisional a la mujer que maltrataba a su hijita en Los Santos"},"content":{"rendered":"\n<p>La Fiscal\u00eda Regional de Los Santos logr\u00f3 este domingo 26 de enero la detenci\u00f3n provisional de la mujer imputada por el delito de maltrato al menor agravado, hecho ocurrido en&nbsp;<strong>El Gu\u00e1simo de Los Santos.<\/strong><\/p>\n\n\n\n<p>Dicha mujer de 35 a\u00f1os fue puesta a&nbsp;<strong>\u00f3rdenes de las autoridades<\/strong>&nbsp;competentes la madrugada de ayer s\u00e1bado.<\/p>\n\n\n\n<p>Este proceso surge luego de que se hizo viral un audio en el que se escucha a la mujer golpeando a la<strong>&nbsp;beb\u00e9<\/strong>, seguido de amenazas e insultos. Acci\u00f3n que surge porque el padre de la menor no le hab\u00eda dado la manutenci\u00f3n.&nbsp;<\/p>\n\n\n\n<p>\u00abEso se queda ah\u00ed muri\u00e9ndose de hambre y del sol. Ojal\u00e1 y hasta se muera. Yo no voy a estar criando<strong>&nbsp;zambillos&nbsp;<\/strong>aqu\u00ed\u00bb, dec\u00eda la mujer de su peque\u00f1a hija.&nbsp;<\/p>\n\n\n\n<p>La agresora tiene tres hijas, la primera vive con su pap\u00e1, luego de que fue denunciada por maltrato al menor en diciembre pasado. Sus peque\u00f1as hijas de 7 y 2 a\u00f1os est\u00e1n bajo la protecci\u00f3n de la Secretaria Nacional de la Ni\u00f1ez, Adolescencia y Familia (Senniaf).<\/p>\n\n\n\n<p>Ella est\u00e1 nuevamente embarazada, tiene dos meses.<\/p>\n\n\n\n<p>La aprehendida debe permanecer en el Centro de Detenci\u00f3n Femenina en Penonom\u00e9 mientras avanza la investigaci\u00f3n.<\/p>\n\n\n\n<figure class=\"wp-block-image size-full\"><a href=\"https:\/\/alminutonoticia.com\/noticias\/wp-content\/uploads\/2025\/01\/presa-770x470-1.jpeg\"><img fetchpriority=\"high\" decoding=\"async\" width=\"770\" height=\"470\" src=\"https:\/\/alminutonoticia.com\/noticias\/wp-content\/uploads\/2025\/01\/presa-770x470-1.jpeg\" alt=\"\" class=\"wp-image-13538\" title=\"\" srcset=\"https:\/\/alminutonoticia.com\/noticias\/wp-content\/uploads\/2025\/01\/presa-770x470-1.jpeg 770w, https:\/\/alminutonoticia.com\/noticias\/wp-content\/uploads\/2025\/01\/presa-770x470-1-300x183.jpeg 300w, https:\/\/alminutonoticia.com\/noticias\/wp-content\/uploads\/2025\/01\/presa-770x470-1-768x469.jpeg 768w\" sizes=\"(max-width: 770px) 100vw, 770px\" \/><\/a><\/figure>\n","protected":false},"excerpt":{"rendered":"<p>La Fiscal\u00eda Regional de Los Santos logr\u00f3 este domingo 26 de enero la detenci\u00f3n provisional de la mujer imputada por el delito de maltrato al menor agravado, hecho ocurrido en&nbsp;El Gu\u00e1simo de Los Santos. Dicha mujer de 35 a\u00f1os fue puesta a&nbsp;\u00f3rdenes de las autoridades&nbsp;competentes la madrugada de ayer s\u00e1bado. Este proceso surge luego de [&hellip;]<\/p>\n","protected":false},"author":3,"featured_media":13538,"comment_status":"open","ping_status":"open","sticky":false,"template":"","format":"standard","meta":{"footnotes":""},"categories":[36],"tags":[],"class_list":["post-13537","post","type-post","status-publish","format-standard","has-post-thumbnail","hentry","category-nacionales"],"_links":{"self":[{"href":"https:\/\/alminutonoticia.com\/noticias\/wp-json\/wp\/v2\/posts\/13537","targetHints":{"allow":["GET"]}}],"collection":[{"href":"https:\/\/alminutonoticia.com\/noticias\/wp-json\/wp\/v2\/posts"}],"about":[{"href":"https:\/\/alminutonoticia.com\/noticias\/wp-json\/wp\/v2\/types\/post"}],"author":[{"embeddable":true,"href":"https:\/\/alminutonoticia.com\/noticias\/wp-json\/wp\/v2\/users\/3"}],"replies":[{"embeddable":true,"href":"https:\/\/alminutonoticia.com\/noticias\/wp-json\/wp\/v2\/comments?post=13537"}],"version-history":[{"count":1,"href":"https:\/\/alminutonoticia.com\/noticias\/wp-json\/wp\/v2\/posts\/13537\/revisions"}],"predecessor-version":[{"id":13539,"href":"https:\/\/alminutonoticia.com\/noticias\/wp-json\/wp\/v2\/posts\/13537\/revisions\/13539"}],"wp:featuredmedia":[{"embeddable":true,"href":"https:\/\/alminutonoticia.com\/noticias\/wp-json\/wp\/v2\/media\/13538"}],"wp:attachment":[{"href":"https:\/\/alminutonoticia.com\/noticias\/wp-json\/wp\/v2\/media?parent=13537"}],"wp:term":[{"taxonomy":"category","embeddable":true,"href":"https:\/\/alminutonoticia.com\/noticias\/wp-json\/wp\/v2\/categories?post=13537"},{"taxonomy":"post_tag","embeddable":true,"href":"https:\/\/alminutonoticia.com\/noticias\/wp-json\/wp\/v2\/tags?post=13537"}],"curies":[{"name":"wp","href":"https:\/\/api.w.org\/{rel}","templated":true}]}}