{"id":13534,"date":"2025-01-27T16:43:09","date_gmt":"2025-01-27T16:43:09","guid":{"rendered":"https:\/\/alminutonoticia.com\/noticias\/?p=13534"},"modified":"2025-01-27T16:44:50","modified_gmt":"2025-01-27T16:44:50","slug":"el-gran-final-de-la-quinceanera-de-canazas-una-historia-de-union-sorpresas-y-emocion","status":"publish","type":"post","link":"https:\/\/alminutonoticia.com\/noticias\/el-gran-final-de-la-quinceanera-de-canazas-una-historia-de-union-sorpresas-y-emocion\/","title":{"rendered":"El gran final de la quincea\u00f1era de Ca\u00f1azas: una historia de uni\u00f3n, sorpresas y emoci\u00f3n"},"content":{"rendered":"\n<p>Lo que comenz\u00f3 como una historia viral en redes sociales se convirti\u00f3 en uno de los eventos m\u00e1s emotivos y medi\u00e1ticos de los \u00faltimos tiempos en Panam\u00e1. Hoy culmina el \u00faltimo cap\u00edtulo de la celebraci\u00f3n de los 15 a\u00f1os de<strong>&nbsp;Daris Vald\u00e9s<\/strong>, la \u201cPrincesa de Ca\u00f1azas\u201d, dejando una ola de solidaridad, momentos inolvidables y algunos giros inesperados dignos de una telenovela de prime time.<\/p>\n\n\n\n<p>Desde que la historia de Daris&nbsp;<strong>toc\u00f3 los corazones&nbsp;<\/strong>de miles de paname\u00f1os, las muestras de apoyo no dejaron de llegar. La comunidad, empresarios y figuras p\u00fablicas se unieron para hacer de este sue\u00f1o una realidad, llevando a la familia de la joven bendiciones que nunca imaginaron. Sin embargo, como en toda gran historia, el camino estuvo lleno de desaf\u00edos y momentos inesperados que mantuvieron a todos al borde del asiento.<\/p>\n\n\n\n<p><strong>Una celebraci\u00f3n que super\u00f3 las expectativas<\/strong><\/p>\n\n\n\n<p>El desenlace de esta historia no solo incluy\u00f3 una fiesta inolvidable, sino que tambi\u00e9n trajo consigo un regalo a\u00fan m\u00e1s grande: una<strong>&nbsp;casa&nbsp;<\/strong>para la familia de Daris, entregada gracias al programa Cambiando Vidas de Telemetro y el respaldo de varias personas y empresas solidarias. Sin embargo, la entrega de la vivienda se extendi\u00f3 cinco d\u00edas m\u00e1s debido a los retos log\u00edsticos, lo que solo aument\u00f3 la expectativa de quienes segu\u00edan cada detalle.<\/p>\n\n\n\n<p>La emoci\u00f3n se sinti\u00f3 en cada momento, al punto de que, en medio de la celebraci\u00f3n de la nueva vivienda, una persona se desmay\u00f3, a\u00f1adiendo un toque inesperado a la jornada. Tambi\u00e9n se vivi\u00f3 un intento de organizar una segunda fiesta para el&nbsp;<strong>domingo 26<\/strong>, aunque esta no logr\u00f3 concretarse como se hab\u00eda planeado.<\/p>\n\n\n\n<p><strong>Los protagonistas y las ausencias en el gran final<\/strong><\/p>\n\n\n\n<p>A lo largo de la historia, varios nombres brillaron por su entrega y apoyo, como<strong>&nbsp;Keny Dancer<\/strong>, quien fue clave en la organizaci\u00f3n del evento en&nbsp;<strong>El Gavil\u00e1n.&nbsp;<\/strong>Sin embargo, su ausencia en los momentos finales del gran cierre dej\u00f3 algunas preguntas en el aire. Algo similar ocurri\u00f3 con Jermaine Cumberbatch, otro de los rostros m\u00e1s visibles de esta historia, quien tampoco estuvo presente en el \u00faltimo episodio de lo que ya muchos consideran \u201cla mejor novela\u201d que han producido las dos televisoras nacionales.<\/p>\n\n\n\n<p>Por otro lado, la abogada Yovany Ortega, del programa T<strong>u Ma\u00f1ana<\/strong>, tambi\u00e9n tuvo su momento de protagonismo al cuestionar la gesti\u00f3n de los regalos repetidos. Mientras tanto, en un detalle que no pas\u00f3 desapercibido, durante la transmisi\u00f3n en vivo de&nbsp;<strong>TVN,&nbsp;<\/strong>el p\u00fablico comenz\u00f3 a corear el nombre de un personaje clave de&nbsp;<strong>Cambiando Vidas<\/strong>, y curiosamente, la televisora opt\u00f3 por bajar el volumen del audio, evitando darle m\u00e1s visibilidad.<\/p>\n\n\n\n<p><strong>Un evento sin precedentes en la era digital<\/strong><\/p>\n\n\n\n<p>Las redes sociales jugaron un papel fundamental en toda esta historia, desde el humor con inteligencia artificial hasta los memes y comentarios que acompa\u00f1aron cada cap\u00edtulo de esta celebraci\u00f3n. La falta de gasolina en la planta de energ\u00eda en medio del evento y la creatividad de los&nbsp;<strong>presentadores<\/strong>&nbsp;para mantener el entretenimiento fueron solo algunos de los momentos que hicieron de esta historia un fen\u00f3meno nacional.<\/p>\n\n\n\n<p>Sin duda, lo m\u00e1s valioso de todo fue la&nbsp;<strong>uni\u00f3n de un pa\u00eds<\/strong>&nbsp;en torno a una causa positiva. Lo que comenz\u00f3 como una broma en redes sociales se transform\u00f3 en una historia de esperanza, solidaridad y alegr\u00eda. Ahora, con el cierre de este cap\u00edtulo, Panam\u00e1 vuelve su mirada hacia los desaf\u00edos que vienen, pero con la certeza de que, cuando se trata de ayudar, el pa\u00eds sabe unirse como una gran familia.<\/p>\n\n\n\n<p>Siga nuestras redes para m\u00e1s historias y actualizaciones de Panam\u00e1 y el mundo.<\/p>\n\n\n\n<figure class=\"wp-block-image size-full\"><a href=\"https:\/\/alminutonoticia.com\/noticias\/wp-content\/uploads\/2025\/01\/princesa-de-770x462-1.jpg\"><img fetchpriority=\"high\" decoding=\"async\" width=\"770\" height=\"462\" src=\"https:\/\/alminutonoticia.com\/noticias\/wp-content\/uploads\/2025\/01\/princesa-de-770x462-1.jpg\" alt=\"\" class=\"wp-image-13535\" title=\"\" srcset=\"https:\/\/alminutonoticia.com\/noticias\/wp-content\/uploads\/2025\/01\/princesa-de-770x462-1.jpg 770w, https:\/\/alminutonoticia.com\/noticias\/wp-content\/uploads\/2025\/01\/princesa-de-770x462-1-300x180.jpg 300w, https:\/\/alminutonoticia.com\/noticias\/wp-content\/uploads\/2025\/01\/princesa-de-770x462-1-768x461.jpg 768w\" sizes=\"(max-width: 770px) 100vw, 770px\" \/><\/a><\/figure>\n","protected":false},"excerpt":{"rendered":"<p>Lo que comenz\u00f3 como una historia viral en redes sociales se convirti\u00f3 en uno de los eventos m\u00e1s emotivos y medi\u00e1ticos de los \u00faltimos tiempos en Panam\u00e1. Hoy culmina el \u00faltimo cap\u00edtulo de la celebraci\u00f3n de los 15 a\u00f1os de&nbsp;Daris Vald\u00e9s, la \u201cPrincesa de Ca\u00f1azas\u201d, dejando una ola de solidaridad, momentos inolvidables y algunos giros [&hellip;]<\/p>\n","protected":false},"author":3,"featured_media":13535,"comment_status":"open","ping_status":"open","sticky":false,"template":"","format":"standard","meta":{"footnotes":""},"categories":[36],"tags":[],"class_list":["post-13534","post","type-post","status-publish","format-standard","has-post-thumbnail","hentry","category-nacionales"],"_links":{"self":[{"href":"https:\/\/alminutonoticia.com\/noticias\/wp-json\/wp\/v2\/posts\/13534","targetHints":{"allow":["GET"]}}],"collection":[{"href":"https:\/\/alminutonoticia.com\/noticias\/wp-json\/wp\/v2\/posts"}],"about":[{"href":"https:\/\/alminutonoticia.com\/noticias\/wp-json\/wp\/v2\/types\/post"}],"author":[{"embeddable":true,"href":"https:\/\/alminutonoticia.com\/noticias\/wp-json\/wp\/v2\/users\/3"}],"replies":[{"embeddable":true,"href":"https:\/\/alminutonoticia.com\/noticias\/wp-json\/wp\/v2\/comments?post=13534"}],"version-history":[{"count":1,"href":"https:\/\/alminutonoticia.com\/noticias\/wp-json\/wp\/v2\/posts\/13534\/revisions"}],"predecessor-version":[{"id":13536,"href":"https:\/\/alminutonoticia.com\/noticias\/wp-json\/wp\/v2\/posts\/13534\/revisions\/13536"}],"wp:featuredmedia":[{"embeddable":true,"href":"https:\/\/alminutonoticia.com\/noticias\/wp-json\/wp\/v2\/media\/13535"}],"wp:attachment":[{"href":"https:\/\/alminutonoticia.com\/noticias\/wp-json\/wp\/v2\/media?parent=13534"}],"wp:term":[{"taxonomy":"category","embeddable":true,"href":"https:\/\/alminutonoticia.com\/noticias\/wp-json\/wp\/v2\/categories?post=13534"},{"taxonomy":"post_tag","embeddable":true,"href":"https:\/\/alminutonoticia.com\/noticias\/wp-json\/wp\/v2\/tags?post=13534"}],"curies":[{"name":"wp","href":"https:\/\/api.w.org\/{rel}","templated":true}]}}