{"id":13531,"date":"2025-01-27T15:55:00","date_gmt":"2025-01-27T15:55:00","guid":{"rendered":"https:\/\/alminutonoticia.com\/noticias\/?p=13531"},"modified":"2025-01-27T15:55:02","modified_gmt":"2025-01-27T15:55:02","slug":"tras-operaciones-antidrogas-incautan-569-paquetes-de-presunta-sustancia-ilicita","status":"publish","type":"post","link":"https:\/\/alminutonoticia.com\/noticias\/tras-operaciones-antidrogas-incautan-569-paquetes-de-presunta-sustancia-ilicita\/","title":{"rendered":"Tras operaciones antidrogas incautan 569 paquetes de presunta sustancia il\u00edcita"},"content":{"rendered":"\n<p>Unos 569 paquetes de droga fueron incautados dentro de un contenedor refrigerado con trazabilidad desde Ecuador con trasbordo hasta Panam\u00e1 y cuyo destino final ser\u00eda B\u00e9lgica.<\/p>\n\n\n\n<p>La operaci\u00f3n policial contra el narcotr\u00e1fico, es parte de los resultados del Plan Firmeza, en un terminal portuario, localizado en la provincia de Col\u00f3n.<\/p>\n\n\n\n<p>Las unidades de la Polic\u00eda Nacional en coordinaci\u00f3n con las autoridades competentes se encuentran tras la b\u00fasqueda de los transgresores de la Ley, as\u00ed como otros implicados en flagrancia vinculados a la delincuencia com\u00fan y el crimen organizado.<\/p>\n\n\n\n<figure class=\"wp-block-image size-full\"><a href=\"https:\/\/alminutonoticia.com\/noticias\/wp-content\/uploads\/2025\/01\/circulo-770x470-1.jpeg\"><img fetchpriority=\"high\" decoding=\"async\" width=\"770\" height=\"470\" src=\"https:\/\/alminutonoticia.com\/noticias\/wp-content\/uploads\/2025\/01\/circulo-770x470-1.jpeg\" alt=\"\" class=\"wp-image-13532\" title=\"\" srcset=\"https:\/\/alminutonoticia.com\/noticias\/wp-content\/uploads\/2025\/01\/circulo-770x470-1.jpeg 770w, https:\/\/alminutonoticia.com\/noticias\/wp-content\/uploads\/2025\/01\/circulo-770x470-1-300x183.jpeg 300w, https:\/\/alminutonoticia.com\/noticias\/wp-content\/uploads\/2025\/01\/circulo-770x470-1-768x469.jpeg 768w\" sizes=\"(max-width: 770px) 100vw, 770px\" \/><\/a><\/figure>\n","protected":false},"excerpt":{"rendered":"<p>Unos 569 paquetes de droga fueron incautados dentro de un contenedor refrigerado con trazabilidad desde Ecuador con trasbordo hasta Panam\u00e1 y cuyo destino final ser\u00eda B\u00e9lgica. La operaci\u00f3n policial contra el narcotr\u00e1fico, es parte de los resultados del Plan Firmeza, en un terminal portuario, localizado en la provincia de Col\u00f3n. Las unidades de la Polic\u00eda [&hellip;]<\/p>\n","protected":false},"author":3,"featured_media":13532,"comment_status":"open","ping_status":"open","sticky":false,"template":"","format":"standard","meta":{"footnotes":""},"categories":[36],"tags":[],"class_list":["post-13531","post","type-post","status-publish","format-standard","has-post-thumbnail","hentry","category-nacionales"],"_links":{"self":[{"href":"https:\/\/alminutonoticia.com\/noticias\/wp-json\/wp\/v2\/posts\/13531","targetHints":{"allow":["GET"]}}],"collection":[{"href":"https:\/\/alminutonoticia.com\/noticias\/wp-json\/wp\/v2\/posts"}],"about":[{"href":"https:\/\/alminutonoticia.com\/noticias\/wp-json\/wp\/v2\/types\/post"}],"author":[{"embeddable":true,"href":"https:\/\/alminutonoticia.com\/noticias\/wp-json\/wp\/v2\/users\/3"}],"replies":[{"embeddable":true,"href":"https:\/\/alminutonoticia.com\/noticias\/wp-json\/wp\/v2\/comments?post=13531"}],"version-history":[{"count":1,"href":"https:\/\/alminutonoticia.com\/noticias\/wp-json\/wp\/v2\/posts\/13531\/revisions"}],"predecessor-version":[{"id":13533,"href":"https:\/\/alminutonoticia.com\/noticias\/wp-json\/wp\/v2\/posts\/13531\/revisions\/13533"}],"wp:featuredmedia":[{"embeddable":true,"href":"https:\/\/alminutonoticia.com\/noticias\/wp-json\/wp\/v2\/media\/13532"}],"wp:attachment":[{"href":"https:\/\/alminutonoticia.com\/noticias\/wp-json\/wp\/v2\/media?parent=13531"}],"wp:term":[{"taxonomy":"category","embeddable":true,"href":"https:\/\/alminutonoticia.com\/noticias\/wp-json\/wp\/v2\/categories?post=13531"},{"taxonomy":"post_tag","embeddable":true,"href":"https:\/\/alminutonoticia.com\/noticias\/wp-json\/wp\/v2\/tags?post=13531"}],"curies":[{"name":"wp","href":"https:\/\/api.w.org\/{rel}","templated":true}]}}