{"id":13525,"date":"2025-01-27T15:44:12","date_gmt":"2025-01-27T15:44:12","guid":{"rendered":"https:\/\/alminutonoticia.com\/noticias\/?p=13525"},"modified":"2025-01-27T15:44:14","modified_gmt":"2025-01-27T15:44:14","slug":"mueren-tres-personas-en-accidente-de-transito-integrantes-de-la-agrupacion-de-alejandro-torres-involucrados","status":"publish","type":"post","link":"https:\/\/alminutonoticia.com\/noticias\/mueren-tres-personas-en-accidente-de-transito-integrantes-de-la-agrupacion-de-alejandro-torres-involucrados\/","title":{"rendered":"Mueren tres personas en accidente de tr\u00e1nsito, integrantes de la agrupaci\u00f3n de Alejandro Torres involucrados"},"content":{"rendered":"\n<p>Una tragedia ocurri\u00f3 la madrugada de este domingo 26 de enero en Cabuya de Chame.<\/p>\n\n\n\n<p>Un auto pick-up y un taxi colisionaron frontalmente dejando tres fallecidos.<\/p>\n\n\n\n<p>Lastimosamente, la personas ocupantes del taxi murieron instant\u00e1neamente. El pickup iba con direcci\u00f3n al interior del pa\u00eds, era ocupado por integrantes de la agrupaci\u00f3n de m\u00fasica t\u00edpica de Alejandro Torres. No se sabe c\u00f3mo se encuentran los m\u00fasicos.<\/p>\n\n\n\n<p>Por el momento, no se sabe si el cantante viajaba en el auto.<\/p>\n\n\n\n<p>Equipos de emergencia del Sistema \u00danico de Manejo de Emergencias&nbsp;(SUME) 911, brind\u00f3 asistencia m\u00e9dica a los heridos. Las autoridades investigan la tragedia.<\/p>\n\n\n\n<figure class=\"wp-block-image size-full\"><a href=\"https:\/\/alminutonoticia.com\/noticias\/wp-content\/uploads\/2025\/01\/torres-tres.jpg\"><img fetchpriority=\"high\" decoding=\"async\" width=\"770\" height=\"470\" src=\"https:\/\/alminutonoticia.com\/noticias\/wp-content\/uploads\/2025\/01\/torres-tres.jpg\" alt=\"\" class=\"wp-image-13526\" title=\"\" srcset=\"https:\/\/alminutonoticia.com\/noticias\/wp-content\/uploads\/2025\/01\/torres-tres.jpg 770w, https:\/\/alminutonoticia.com\/noticias\/wp-content\/uploads\/2025\/01\/torres-tres-300x183.jpg 300w, https:\/\/alminutonoticia.com\/noticias\/wp-content\/uploads\/2025\/01\/torres-tres-768x469.jpg 768w\" sizes=\"(max-width: 770px) 100vw, 770px\" \/><\/a><\/figure>\n","protected":false},"excerpt":{"rendered":"<p>Una tragedia ocurri\u00f3 la madrugada de este domingo 26 de enero en Cabuya de Chame. Un auto pick-up y un taxi colisionaron frontalmente dejando tres fallecidos. Lastimosamente, la personas ocupantes del taxi murieron instant\u00e1neamente. El pickup iba con direcci\u00f3n al interior del pa\u00eds, era ocupado por integrantes de la agrupaci\u00f3n de m\u00fasica t\u00edpica de Alejandro [&hellip;]<\/p>\n","protected":false},"author":3,"featured_media":13526,"comment_status":"open","ping_status":"open","sticky":false,"template":"","format":"standard","meta":{"footnotes":""},"categories":[36],"tags":[],"class_list":["post-13525","post","type-post","status-publish","format-standard","has-post-thumbnail","hentry","category-nacionales"],"_links":{"self":[{"href":"https:\/\/alminutonoticia.com\/noticias\/wp-json\/wp\/v2\/posts\/13525","targetHints":{"allow":["GET"]}}],"collection":[{"href":"https:\/\/alminutonoticia.com\/noticias\/wp-json\/wp\/v2\/posts"}],"about":[{"href":"https:\/\/alminutonoticia.com\/noticias\/wp-json\/wp\/v2\/types\/post"}],"author":[{"embeddable":true,"href":"https:\/\/alminutonoticia.com\/noticias\/wp-json\/wp\/v2\/users\/3"}],"replies":[{"embeddable":true,"href":"https:\/\/alminutonoticia.com\/noticias\/wp-json\/wp\/v2\/comments?post=13525"}],"version-history":[{"count":1,"href":"https:\/\/alminutonoticia.com\/noticias\/wp-json\/wp\/v2\/posts\/13525\/revisions"}],"predecessor-version":[{"id":13527,"href":"https:\/\/alminutonoticia.com\/noticias\/wp-json\/wp\/v2\/posts\/13525\/revisions\/13527"}],"wp:featuredmedia":[{"embeddable":true,"href":"https:\/\/alminutonoticia.com\/noticias\/wp-json\/wp\/v2\/media\/13526"}],"wp:attachment":[{"href":"https:\/\/alminutonoticia.com\/noticias\/wp-json\/wp\/v2\/media?parent=13525"}],"wp:term":[{"taxonomy":"category","embeddable":true,"href":"https:\/\/alminutonoticia.com\/noticias\/wp-json\/wp\/v2\/categories?post=13525"},{"taxonomy":"post_tag","embeddable":true,"href":"https:\/\/alminutonoticia.com\/noticias\/wp-json\/wp\/v2\/tags?post=13525"}],"curies":[{"name":"wp","href":"https:\/\/api.w.org\/{rel}","templated":true}]}}