{"id":13510,"date":"2025-01-27T15:02:23","date_gmt":"2025-01-27T15:02:23","guid":{"rendered":"https:\/\/alminutonoticia.com\/noticias\/?p=13510"},"modified":"2025-01-27T15:02:25","modified_gmt":"2025-01-27T15:02:25","slug":"alcalde-mayer-mizrachi-anuncia-que-los-carnavales-de-la-city-van","status":"publish","type":"post","link":"https:\/\/alminutonoticia.com\/noticias\/alcalde-mayer-mizrachi-anuncia-que-los-carnavales-de-la-city-van\/","title":{"rendered":"Alcalde Mayer Mizrachi anuncia que los Carnavales de la City van"},"content":{"rendered":"\n<p>\u00abLa empresa privada est\u00e1 haciendo un excelente trabajo de coordinar y hacer posibles unos carnavales sin la necesidad de gastar<strong>&nbsp;<\/strong>fondos p\u00fablicos.<strong>&nbsp;<\/strong>Tengo conocimiento, tienen todo mi apoyo. Cuando ellos est\u00e9n listos, ellos lo van a anunciar. Estoy seguro de que va a ser una demostraci\u00f3n de que el sector p\u00fablico pueda apoyar al sector privado para que las costumbres y cultura paname\u00f1a siempre se mantengan\u00bb, fue la declaraci\u00f3n del alcalde<strong>&nbsp;Mayer Mizrachi c<\/strong>on respecto al Carnaval de la City, el cual hace d\u00edas, Gloria De Le\u00f3n&nbsp; Administradora&nbsp; de la Autoridad de Turismo de Panam\u00e1 anunci\u00f3 que se hab\u00edan cancelado por falta de presupuesto.<\/p>\n\n\n\n<p>Adem\u00e1s de esa declaraci\u00f3n, Mayer escribi\u00f3 en su cuenta de X:&nbsp; \u00abCarnavales van\u00bb.<\/p>\n\n\n\n<p>Hace d\u00edas Mizrachi en el programa Noticias 180 Minutos de \u00c1lvaro Alvarado, afirm\u00f3 que es responsable no gastar fondos p\u00fablicos en cosas que bien coordinadas se podr\u00edan hacer con la empresa privada.<\/p>\n\n\n\n<p>\u00abCon menos de 45 d\u00edas estamos valorando qu\u00e9 se puede hacer entre el sector p\u00fablico y el sector privado. A diferencia del desfile de Navidad, los carnavales por muchos a\u00f1os ya han sido manejados por el gobierno central y no por la alcald\u00eda, entonces ver de qu\u00e9 manera podr\u00edamos apoyar una iniciativa para quienes no pueden viajar al interior es algo que estamos haciendo\u00bb, afirm\u00f3 Mizrachi.<\/p>\n\n\n\n<figure class=\"wp-block-image size-full\"><a href=\"https:\/\/alminutonoticia.com\/noticias\/wp-content\/uploads\/2025\/01\/cana-1.jpg\"><img fetchpriority=\"high\" decoding=\"async\" width=\"770\" height=\"470\" src=\"https:\/\/alminutonoticia.com\/noticias\/wp-content\/uploads\/2025\/01\/cana-1.jpg\" alt=\"\" class=\"wp-image-13511\" title=\"\" srcset=\"https:\/\/alminutonoticia.com\/noticias\/wp-content\/uploads\/2025\/01\/cana-1.jpg 770w, https:\/\/alminutonoticia.com\/noticias\/wp-content\/uploads\/2025\/01\/cana-1-300x183.jpg 300w, https:\/\/alminutonoticia.com\/noticias\/wp-content\/uploads\/2025\/01\/cana-1-768x469.jpg 768w\" sizes=\"(max-width: 770px) 100vw, 770px\" \/><\/a><figcaption class=\"wp-element-caption\">CORPRENSA\/24-FEBRERO-2020\/ROM\u00c1N DIBULET, Culecos del lun s de carnaval en la Cinta Costera<\/figcaption><\/figure>\n","protected":false},"excerpt":{"rendered":"<p>\u00abLa empresa privada est\u00e1 haciendo un excelente trabajo de coordinar y hacer posibles unos carnavales sin la necesidad de gastar&nbsp;fondos p\u00fablicos.&nbsp;Tengo conocimiento, tienen todo mi apoyo. Cuando ellos est\u00e9n listos, ellos lo van a anunciar. Estoy seguro de que va a ser una demostraci\u00f3n de que el sector p\u00fablico pueda apoyar al sector privado para [&hellip;]<\/p>\n","protected":false},"author":3,"featured_media":13511,"comment_status":"open","ping_status":"open","sticky":false,"template":"","format":"standard","meta":{"footnotes":""},"categories":[36,41],"tags":[],"class_list":["post-13510","post","type-post","status-publish","format-standard","has-post-thumbnail","hentry","category-nacionales","category-cultura-y-farandula"],"_links":{"self":[{"href":"https:\/\/alminutonoticia.com\/noticias\/wp-json\/wp\/v2\/posts\/13510","targetHints":{"allow":["GET"]}}],"collection":[{"href":"https:\/\/alminutonoticia.com\/noticias\/wp-json\/wp\/v2\/posts"}],"about":[{"href":"https:\/\/alminutonoticia.com\/noticias\/wp-json\/wp\/v2\/types\/post"}],"author":[{"embeddable":true,"href":"https:\/\/alminutonoticia.com\/noticias\/wp-json\/wp\/v2\/users\/3"}],"replies":[{"embeddable":true,"href":"https:\/\/alminutonoticia.com\/noticias\/wp-json\/wp\/v2\/comments?post=13510"}],"version-history":[{"count":1,"href":"https:\/\/alminutonoticia.com\/noticias\/wp-json\/wp\/v2\/posts\/13510\/revisions"}],"predecessor-version":[{"id":13512,"href":"https:\/\/alminutonoticia.com\/noticias\/wp-json\/wp\/v2\/posts\/13510\/revisions\/13512"}],"wp:featuredmedia":[{"embeddable":true,"href":"https:\/\/alminutonoticia.com\/noticias\/wp-json\/wp\/v2\/media\/13511"}],"wp:attachment":[{"href":"https:\/\/alminutonoticia.com\/noticias\/wp-json\/wp\/v2\/media?parent=13510"}],"wp:term":[{"taxonomy":"category","embeddable":true,"href":"https:\/\/alminutonoticia.com\/noticias\/wp-json\/wp\/v2\/categories?post=13510"},{"taxonomy":"post_tag","embeddable":true,"href":"https:\/\/alminutonoticia.com\/noticias\/wp-json\/wp\/v2\/tags?post=13510"}],"curies":[{"name":"wp","href":"https:\/\/api.w.org\/{rel}","templated":true}]}}