{"id":13503,"date":"2025-01-24T12:22:40","date_gmt":"2025-01-24T12:22:40","guid":{"rendered":"https:\/\/alminutonoticia.com\/noticias\/?p=13503"},"modified":"2025-01-24T12:22:41","modified_gmt":"2025-01-24T12:22:41","slug":"gerardo-solis-y-las-auditorias-invisibles-negligencia-o-encubrimiento","status":"publish","type":"post","link":"https:\/\/alminutonoticia.com\/noticias\/gerardo-solis-y-las-auditorias-invisibles-negligencia-o-encubrimiento\/","title":{"rendered":"Gerardo Sol\u00eds y las auditor\u00edas invisibles: \u00bfnegligencia o encubrimiento?"},"content":{"rendered":"\n<p>El excontralor general de la Rep\u00fablica,&nbsp;<strong>Gerardo Sol\u00eds<\/strong>, vuelve al ojo del hurac\u00e1n. Esta vez, el diputado independiente&nbsp;<strong>Jhonathan Vega,<\/strong>&nbsp;del movimiento Vamos, present\u00f3 una denuncia ante el Ministerio P\u00fablico, se\u00f1alando que durante la administraci\u00f3n de Sol\u00eds se solicitaron 166 auditor\u00edas que nunca se realizaron.<\/p>\n\n\n\n<p><strong>Una Contralor\u00eda de puertas cerradas<\/strong><\/p>\n\n\n\n<p>Seg\u00fan Vega, estas auditor\u00edas \u2014que podr\u00edan haber destapado irregularidades en diversas instituciones, incluida la<strong>&nbsp;Universidad Aut\u00f3noma de Chiriqu\u00ed (UNACHI)<\/strong>\u2014 no fueron ejecutadas. \u00abEsto puede ser por negligencia, por encubrimiento o por falta de inter\u00e9s\u00bb, advirti\u00f3 el diputado, subrayando la necesidad de que el nuevo contralor y el Ministerio P\u00fablico retomen estos casos y garanticen investigaciones serias.<\/p>\n\n\n\n<p>El precedente no es menor. La&nbsp;<strong>Corte Suprema de Justicia<\/strong>&nbsp;recientemente declar\u00f3 inconstitucionales varias disposiciones de la<strong>&nbsp;Ley 351<\/strong>, que en su momento otorgaron a Sol\u00eds la potestad discrecional de cerrar auditor\u00edas a conveniencia. Un detalle que refuerza la sospecha de que las omisiones no fueron casualidad.<\/p>\n\n\n\n<p><strong>Millones de d\u00f3lares en la sombra<\/strong><\/p>\n\n\n\n<p>Lo que est\u00e1 en juego no es solo la transparencia en la gesti\u00f3n p\u00fablica, sino millones de d\u00f3lares en fondos estatales que pudieron haber sido objeto de auditor\u00edas y nunca lo fueron. \u00abNos han informado que existieron designaciones espec\u00edficas para frenar auditor\u00edas en ciertas instituciones\u00bb, revel\u00f3 Vega, dejando abierta la interrogante sobre qu\u00e9 se intent\u00f3 ocultar y a qui\u00e9n protegi\u00f3 la<strong>&nbsp;Contralor\u00eda<\/strong>&nbsp;en el quinquenio pasado.<\/p>\n\n\n\n<p>La denuncia presentada por&nbsp;<strong>Vega&nbsp;<\/strong>es un nuevo golpe a la credibilidad de la administraci\u00f3n Sol\u00eds, quien ya hab\u00eda sido criticado por su manejo laxo de los recursos estatales. Su gesti\u00f3n, marcada por decisiones opacas y un evidente sesgo pol\u00edtico, dej\u00f3 un rastro de dudas que ahora el Ministerio P\u00fablico est\u00e1 llamado a esclarecer.<\/p>\n\n\n\n<p><strong>\u00bfHabr\u00e1 justicia esta vez?<\/strong><\/p>\n\n\n\n<p>El clamor ciudadano es claro:<strong>&nbsp;auditor\u00edas sin trabas<\/strong>, rendici\u00f3n de cuentas y sanciones para los responsables. Pero, en un pa\u00eds donde los procesos judiciales suelen dilatarse y los casos de corrupci\u00f3n mueren en el archivo, la gran pregunta es: \u00bftendr\u00e1 esta denuncia un destino distinto?<\/p>\n\n\n\n<p>El nuevo contralor y el procurador general tienen la oportunidad de marcar la diferencia. El momento de actuar es ahora.<\/p>\n\n\n\n<figure class=\"wp-block-image size-full\"><a href=\"https:\/\/alminutonoticia.com\/noticias\/wp-content\/uploads\/2025\/01\/solis-s-770x470-1.jpeg\"><img fetchpriority=\"high\" decoding=\"async\" width=\"770\" height=\"470\" src=\"https:\/\/alminutonoticia.com\/noticias\/wp-content\/uploads\/2025\/01\/solis-s-770x470-1.jpeg\" alt=\"\" class=\"wp-image-13504\" title=\"\" srcset=\"https:\/\/alminutonoticia.com\/noticias\/wp-content\/uploads\/2025\/01\/solis-s-770x470-1.jpeg 770w, https:\/\/alminutonoticia.com\/noticias\/wp-content\/uploads\/2025\/01\/solis-s-770x470-1-300x183.jpeg 300w, https:\/\/alminutonoticia.com\/noticias\/wp-content\/uploads\/2025\/01\/solis-s-770x470-1-768x469.jpeg 768w\" sizes=\"(max-width: 770px) 100vw, 770px\" \/><\/a><\/figure>\n","protected":false},"excerpt":{"rendered":"<p>El excontralor general de la Rep\u00fablica,&nbsp;Gerardo Sol\u00eds, vuelve al ojo del hurac\u00e1n. Esta vez, el diputado independiente&nbsp;Jhonathan Vega,&nbsp;del movimiento Vamos, present\u00f3 una denuncia ante el Ministerio P\u00fablico, se\u00f1alando que durante la administraci\u00f3n de Sol\u00eds se solicitaron 166 auditor\u00edas que nunca se realizaron. Una Contralor\u00eda de puertas cerradas Seg\u00fan Vega, estas auditor\u00edas \u2014que podr\u00edan haber destapado [&hellip;]<\/p>\n","protected":false},"author":3,"featured_media":13504,"comment_status":"open","ping_status":"open","sticky":false,"template":"","format":"standard","meta":{"footnotes":""},"categories":[36],"tags":[],"class_list":["post-13503","post","type-post","status-publish","format-standard","has-post-thumbnail","hentry","category-nacionales"],"_links":{"self":[{"href":"https:\/\/alminutonoticia.com\/noticias\/wp-json\/wp\/v2\/posts\/13503","targetHints":{"allow":["GET"]}}],"collection":[{"href":"https:\/\/alminutonoticia.com\/noticias\/wp-json\/wp\/v2\/posts"}],"about":[{"href":"https:\/\/alminutonoticia.com\/noticias\/wp-json\/wp\/v2\/types\/post"}],"author":[{"embeddable":true,"href":"https:\/\/alminutonoticia.com\/noticias\/wp-json\/wp\/v2\/users\/3"}],"replies":[{"embeddable":true,"href":"https:\/\/alminutonoticia.com\/noticias\/wp-json\/wp\/v2\/comments?post=13503"}],"version-history":[{"count":1,"href":"https:\/\/alminutonoticia.com\/noticias\/wp-json\/wp\/v2\/posts\/13503\/revisions"}],"predecessor-version":[{"id":13505,"href":"https:\/\/alminutonoticia.com\/noticias\/wp-json\/wp\/v2\/posts\/13503\/revisions\/13505"}],"wp:featuredmedia":[{"embeddable":true,"href":"https:\/\/alminutonoticia.com\/noticias\/wp-json\/wp\/v2\/media\/13504"}],"wp:attachment":[{"href":"https:\/\/alminutonoticia.com\/noticias\/wp-json\/wp\/v2\/media?parent=13503"}],"wp:term":[{"taxonomy":"category","embeddable":true,"href":"https:\/\/alminutonoticia.com\/noticias\/wp-json\/wp\/v2\/categories?post=13503"},{"taxonomy":"post_tag","embeddable":true,"href":"https:\/\/alminutonoticia.com\/noticias\/wp-json\/wp\/v2\/tags?post=13503"}],"curies":[{"name":"wp","href":"https:\/\/api.w.org\/{rel}","templated":true}]}}