{"id":13500,"date":"2025-01-24T12:14:43","date_gmt":"2025-01-24T12:14:43","guid":{"rendered":"https:\/\/alminutonoticia.com\/noticias\/?p=13500"},"modified":"2025-01-24T12:14:45","modified_gmt":"2025-01-24T12:14:45","slug":"mulino-llega-a-italia-para-reunirse-con-el-presidente-mattarella-y-el-papa-francisco","status":"publish","type":"post","link":"https:\/\/alminutonoticia.com\/noticias\/mulino-llega-a-italia-para-reunirse-con-el-presidente-mattarella-y-el-papa-francisco\/","title":{"rendered":"Mulino llega a Italia para reunirse con el presidente Mattarella y el papa Francisco"},"content":{"rendered":"\n<p>El presidente de la Rep\u00fablica, Jos\u00e9 Ra\u00fal Mulino, lleg\u00f3 hoy jueves a Roma, Italia, en una gira que incluye una reuni\u00f3n de trabajo con el presidente italiano,<strong>&nbsp;Sergio Mattarella,<\/strong>&nbsp;y una audiencia oficial con el Papa Francisco en Ciudad del Vaticano.<\/p>\n\n\n\n<p>Entre los temas a tratar entre Mulino y el presidente de<strong>&nbsp;Italia,<\/strong>&nbsp;se encuentran la cooperaci\u00f3n bilateral como una forma de estrechar los lazos de amistad entre ambas naciones, as\u00ed como el pedido de salir de la lista fiscal de la Uni\u00f3n Europea, reiterando que Panam\u00e1 no es un para\u00edso fiscal.<\/p>\n\n\n\n<p>A su llegada a Italia, el mandatario paname\u00f1o, acompa\u00f1ado de su esposa Maricel Cohen de Mulino, fue recibido por el ministro plenipotenciario,&nbsp;<strong>Cristiano Gallo,&nbsp;<\/strong>en representaci\u00f3n del Gobierno de Italia, y por monse\u00f1or Javier Domingo Fern\u00e1ndez, en representaci\u00f3n del papa Francisco.<\/p>\n\n\n\n<p>La agenda del presidente Mulino tambi\u00e9n incluye un encuentro, ma\u00f1ana viernes, con representantes de empresas l\u00edderes de Italia, entre ellos el&nbsp;<strong>Grupo Industria Internacional,<\/strong>&nbsp;dedicado al sector aeroespacial, defensa y seguridad; y Telecom Italia Sparkle, de servicios de telecomunicaciones y fibra \u00f3ptica.<\/p>\n\n\n\n<p>El s\u00e1bado 25 de enero, el presidente<strong>&nbsp;Mulino&nbsp;<\/strong>ser\u00e1 recibido por el papa Francisco en el Palacio Apost\u00f3lico del Vaticano.<\/p>\n\n\n\n<figure class=\"wp-block-image size-full\"><a href=\"https:\/\/alminutonoticia.com\/noticias\/wp-content\/uploads\/2025\/01\/papa-737x470-1.jpg\"><img fetchpriority=\"high\" decoding=\"async\" width=\"737\" height=\"470\" src=\"https:\/\/alminutonoticia.com\/noticias\/wp-content\/uploads\/2025\/01\/papa-737x470-1.jpg\" alt=\"\" class=\"wp-image-13501\" title=\"\" srcset=\"https:\/\/alminutonoticia.com\/noticias\/wp-content\/uploads\/2025\/01\/papa-737x470-1.jpg 737w, https:\/\/alminutonoticia.com\/noticias\/wp-content\/uploads\/2025\/01\/papa-737x470-1-300x191.jpg 300w\" sizes=\"(max-width: 737px) 100vw, 737px\" \/><\/a><\/figure>\n","protected":false},"excerpt":{"rendered":"<p>El presidente de la Rep\u00fablica, Jos\u00e9 Ra\u00fal Mulino, lleg\u00f3 hoy jueves a Roma, Italia, en una gira que incluye una reuni\u00f3n de trabajo con el presidente italiano,&nbsp;Sergio Mattarella,&nbsp;y una audiencia oficial con el Papa Francisco en Ciudad del Vaticano. Entre los temas a tratar entre Mulino y el presidente de&nbsp;Italia,&nbsp;se encuentran la cooperaci\u00f3n bilateral como [&hellip;]<\/p>\n","protected":false},"author":3,"featured_media":13501,"comment_status":"open","ping_status":"open","sticky":false,"template":"","format":"standard","meta":{"footnotes":""},"categories":[39],"tags":[],"class_list":["post-13500","post","type-post","status-publish","format-standard","has-post-thumbnail","hentry","category-internacionales"],"_links":{"self":[{"href":"https:\/\/alminutonoticia.com\/noticias\/wp-json\/wp\/v2\/posts\/13500","targetHints":{"allow":["GET"]}}],"collection":[{"href":"https:\/\/alminutonoticia.com\/noticias\/wp-json\/wp\/v2\/posts"}],"about":[{"href":"https:\/\/alminutonoticia.com\/noticias\/wp-json\/wp\/v2\/types\/post"}],"author":[{"embeddable":true,"href":"https:\/\/alminutonoticia.com\/noticias\/wp-json\/wp\/v2\/users\/3"}],"replies":[{"embeddable":true,"href":"https:\/\/alminutonoticia.com\/noticias\/wp-json\/wp\/v2\/comments?post=13500"}],"version-history":[{"count":1,"href":"https:\/\/alminutonoticia.com\/noticias\/wp-json\/wp\/v2\/posts\/13500\/revisions"}],"predecessor-version":[{"id":13502,"href":"https:\/\/alminutonoticia.com\/noticias\/wp-json\/wp\/v2\/posts\/13500\/revisions\/13502"}],"wp:featuredmedia":[{"embeddable":true,"href":"https:\/\/alminutonoticia.com\/noticias\/wp-json\/wp\/v2\/media\/13501"}],"wp:attachment":[{"href":"https:\/\/alminutonoticia.com\/noticias\/wp-json\/wp\/v2\/media?parent=13500"}],"wp:term":[{"taxonomy":"category","embeddable":true,"href":"https:\/\/alminutonoticia.com\/noticias\/wp-json\/wp\/v2\/categories?post=13500"},{"taxonomy":"post_tag","embeddable":true,"href":"https:\/\/alminutonoticia.com\/noticias\/wp-json\/wp\/v2\/tags?post=13500"}],"curies":[{"name":"wp","href":"https:\/\/api.w.org\/{rel}","templated":true}]}}