{"id":13494,"date":"2025-01-24T12:10:11","date_gmt":"2025-01-24T12:10:11","guid":{"rendered":"https:\/\/alminutonoticia.com\/noticias\/?p=13494"},"modified":"2025-01-24T12:10:14","modified_gmt":"2025-01-24T12:10:14","slug":"gobierno-panameno-apela-el-informe-de-la-omc-sobre-la-disputa-comercial-entre-panama-y-costa-rica","status":"publish","type":"post","link":"https:\/\/alminutonoticia.com\/noticias\/gobierno-panameno-apela-el-informe-de-la-omc-sobre-la-disputa-comercial-entre-panama-y-costa-rica\/","title":{"rendered":"Gobierno paname\u00f1o apela el informe de la OMC sobre la disputa comercial entre Panam\u00e1 y Costa Rica"},"content":{"rendered":"\n<p>El Gobierno de la Rep\u00fablica de Panam\u00e1 reafirma su compromiso con el Derecho Internacional y su disposici\u00f3n para resolver cualquier diferencia con sus pa\u00edses vecinos, particularmente con la hermana Rep\u00fablica de Costa Rica, de manera constructiva y respetuosa, como lo ha demostrado a lo largo de los a\u00f1os.<\/p>\n\n\n\n<p>El equipo t\u00e9cnico del Ministerio de Comercio e Industrias (MICI) ha revisado el informe emitido por los \u00e1rbitros de la Organizaci\u00f3n Mundial de Comercio (OMC) sobre la disputa comercial entre Costa Rica y Panam\u00e1, que comenz\u00f3 en 2021 debido a los requisitos de importaci\u00f3n de productos agr\u00edcolas y alimentarios. Tras el an\u00e1lisis, Panam\u00e1 considera que las recomendaciones no protegen adecuadamente sus intereses y derechos. En consecuencia, ha decidido apelar el informe, ejerciendo su soberan\u00eda y derecho legal, con el objetivo de asegurar un an\u00e1lisis jur\u00eddico adecuado del dictamen, conforme a los procedimientos establecidos por la OMC.<\/p>\n\n\n\n<p>Es importante destacar que Costa Rica decidi\u00f3 llevar este caso ante la OMC, a pesar de que Panam\u00e1 ya hab\u00eda respetado una decisi\u00f3n previa de Costa Rica, que consist\u00eda en no renovar habilitaciones para las plantas c\u00e1rnicas y l\u00e1cteas paname\u00f1as. Esto se hizo con la convicci\u00f3n de que, como pa\u00edses vecinos y socios, podemos resolver no solo esta diferencia, sino tambi\u00e9n otros temas relacionados con aduanas, transporte, seguridad y otros aspectos de inter\u00e9s com\u00fan, a trav\u00e9s del di\u00e1logo bilateral.<\/p>\n\n\n\n<p>El Gobierno de Panam\u00e1 subraya que esta apelaci\u00f3n no interfiere en la disposici\u00f3n de continuar buscando soluciones de consenso que favorezcan a ambos pa\u00edses.<\/p>\n\n\n\n<p>Adicionalmente, Panam\u00e1 continuar\u00e1 velando por la protecci\u00f3n de su patrimonio sanitario y fitosanitario, cumpliendo con las normas nacionales e internacionales para garantizar la salud y seguridad de las personas, los animales y las especies vegetales.<\/p>\n\n\n\n<p>Este proceso refleja el compromiso de Panam\u00e1 de ejercer sus derechos con responsabilidad y respeto, sin afectar el esp\u00edritu de cooperaci\u00f3n y amistad que ha caracterizado su relaci\u00f3n con Costa Rica.<\/p>\n\n\n\n<figure class=\"wp-block-image size-full\"><a href=\"https:\/\/alminutonoticia.com\/noticias\/wp-content\/uploads\/2025\/01\/vacas.jpeg\"><img fetchpriority=\"high\" decoding=\"async\" width=\"720\" height=\"375\" src=\"https:\/\/alminutonoticia.com\/noticias\/wp-content\/uploads\/2025\/01\/vacas.jpeg\" alt=\"\" class=\"wp-image-13495\" title=\"\" srcset=\"https:\/\/alminutonoticia.com\/noticias\/wp-content\/uploads\/2025\/01\/vacas.jpeg 720w, https:\/\/alminutonoticia.com\/noticias\/wp-content\/uploads\/2025\/01\/vacas-300x156.jpeg 300w\" sizes=\"(max-width: 720px) 100vw, 720px\" \/><\/a><\/figure>\n","protected":false},"excerpt":{"rendered":"<p>El Gobierno de la Rep\u00fablica de Panam\u00e1 reafirma su compromiso con el Derecho Internacional y su disposici\u00f3n para resolver cualquier diferencia con sus pa\u00edses vecinos, particularmente con la hermana Rep\u00fablica de Costa Rica, de manera constructiva y respetuosa, como lo ha demostrado a lo largo de los a\u00f1os. El equipo t\u00e9cnico del Ministerio de Comercio [&hellip;]<\/p>\n","protected":false},"author":3,"featured_media":13495,"comment_status":"open","ping_status":"open","sticky":false,"template":"","format":"standard","meta":{"footnotes":""},"categories":[36],"tags":[],"class_list":["post-13494","post","type-post","status-publish","format-standard","has-post-thumbnail","hentry","category-nacionales"],"_links":{"self":[{"href":"https:\/\/alminutonoticia.com\/noticias\/wp-json\/wp\/v2\/posts\/13494","targetHints":{"allow":["GET"]}}],"collection":[{"href":"https:\/\/alminutonoticia.com\/noticias\/wp-json\/wp\/v2\/posts"}],"about":[{"href":"https:\/\/alminutonoticia.com\/noticias\/wp-json\/wp\/v2\/types\/post"}],"author":[{"embeddable":true,"href":"https:\/\/alminutonoticia.com\/noticias\/wp-json\/wp\/v2\/users\/3"}],"replies":[{"embeddable":true,"href":"https:\/\/alminutonoticia.com\/noticias\/wp-json\/wp\/v2\/comments?post=13494"}],"version-history":[{"count":1,"href":"https:\/\/alminutonoticia.com\/noticias\/wp-json\/wp\/v2\/posts\/13494\/revisions"}],"predecessor-version":[{"id":13496,"href":"https:\/\/alminutonoticia.com\/noticias\/wp-json\/wp\/v2\/posts\/13494\/revisions\/13496"}],"wp:featuredmedia":[{"embeddable":true,"href":"https:\/\/alminutonoticia.com\/noticias\/wp-json\/wp\/v2\/media\/13495"}],"wp:attachment":[{"href":"https:\/\/alminutonoticia.com\/noticias\/wp-json\/wp\/v2\/media?parent=13494"}],"wp:term":[{"taxonomy":"category","embeddable":true,"href":"https:\/\/alminutonoticia.com\/noticias\/wp-json\/wp\/v2\/categories?post=13494"},{"taxonomy":"post_tag","embeddable":true,"href":"https:\/\/alminutonoticia.com\/noticias\/wp-json\/wp\/v2\/tags?post=13494"}],"curies":[{"name":"wp","href":"https:\/\/api.w.org\/{rel}","templated":true}]}}