{"id":13488,"date":"2025-01-24T11:58:04","date_gmt":"2025-01-24T11:58:04","guid":{"rendered":"https:\/\/alminutonoticia.com\/noticias\/?p=13488"},"modified":"2025-01-24T11:58:06","modified_gmt":"2025-01-24T11:58:06","slug":"la-proxima-semana-llega-a-panama-el-secretario-de-estado-de-ee-uu-marco-rubio","status":"publish","type":"post","link":"https:\/\/alminutonoticia.com\/noticias\/la-proxima-semana-llega-a-panama-el-secretario-de-estado-de-ee-uu-marco-rubio\/","title":{"rendered":"La pr\u00f3xima semana llega a Panam\u00e1 el secretario de Estado de EE.UU., Marco Rubio"},"content":{"rendered":"\n<p>Ya fue confirmada la visita del nuevo secretario de Estado de Estados Unidos, Marco Rubio, a Panam\u00e1 la pr\u00f3xima semana, la cual forma parte de su primera gira internacional que contempla Guatemala, El Salvador, Costa Rica y Rep\u00fablica Dominicana.<\/p>\n\n\n\n<p>La informaci\u00f3n fue suministrada por la portavoz del Departamento de Estado, Tammy Bruce.<\/p>\n\n\n\n<p>De acuerdo con medios internacionales, Rubio abordar\u00e1 temas migratorios y la gesti\u00f3n del Canal de Panam\u00e1.<\/p>\n\n\n\n<p>Dicha visita ocurre, en un momento en que Trump anuncia su intenci\u00f3n de recuperar el Canal de Panam\u00e1, provocando una tensi\u00f3n en el territorio paname\u00f1o.<\/p>\n\n\n\n<figure class=\"wp-block-image size-full\"><a href=\"https:\/\/alminutonoticia.com\/noticias\/wp-content\/uploads\/2025\/01\/rubiensito-770x462-1.jpeg\"><img fetchpriority=\"high\" decoding=\"async\" width=\"770\" height=\"462\" src=\"https:\/\/alminutonoticia.com\/noticias\/wp-content\/uploads\/2025\/01\/rubiensito-770x462-1.jpeg\" alt=\"\" class=\"wp-image-13489\" title=\"\" srcset=\"https:\/\/alminutonoticia.com\/noticias\/wp-content\/uploads\/2025\/01\/rubiensito-770x462-1.jpeg 770w, https:\/\/alminutonoticia.com\/noticias\/wp-content\/uploads\/2025\/01\/rubiensito-770x462-1-300x180.jpeg 300w, https:\/\/alminutonoticia.com\/noticias\/wp-content\/uploads\/2025\/01\/rubiensito-770x462-1-768x461.jpeg 768w\" sizes=\"(max-width: 770px) 100vw, 770px\" \/><\/a><\/figure>\n","protected":false},"excerpt":{"rendered":"<p>Ya fue confirmada la visita del nuevo secretario de Estado de Estados Unidos, Marco Rubio, a Panam\u00e1 la pr\u00f3xima semana, la cual forma parte de su primera gira internacional que contempla Guatemala, El Salvador, Costa Rica y Rep\u00fablica Dominicana. La informaci\u00f3n fue suministrada por la portavoz del Departamento de Estado, Tammy Bruce. De acuerdo con [&hellip;]<\/p>\n","protected":false},"author":3,"featured_media":13489,"comment_status":"open","ping_status":"open","sticky":false,"template":"","format":"standard","meta":{"footnotes":""},"categories":[39,36],"tags":[],"class_list":["post-13488","post","type-post","status-publish","format-standard","has-post-thumbnail","hentry","category-internacionales","category-nacionales"],"_links":{"self":[{"href":"https:\/\/alminutonoticia.com\/noticias\/wp-json\/wp\/v2\/posts\/13488","targetHints":{"allow":["GET"]}}],"collection":[{"href":"https:\/\/alminutonoticia.com\/noticias\/wp-json\/wp\/v2\/posts"}],"about":[{"href":"https:\/\/alminutonoticia.com\/noticias\/wp-json\/wp\/v2\/types\/post"}],"author":[{"embeddable":true,"href":"https:\/\/alminutonoticia.com\/noticias\/wp-json\/wp\/v2\/users\/3"}],"replies":[{"embeddable":true,"href":"https:\/\/alminutonoticia.com\/noticias\/wp-json\/wp\/v2\/comments?post=13488"}],"version-history":[{"count":1,"href":"https:\/\/alminutonoticia.com\/noticias\/wp-json\/wp\/v2\/posts\/13488\/revisions"}],"predecessor-version":[{"id":13490,"href":"https:\/\/alminutonoticia.com\/noticias\/wp-json\/wp\/v2\/posts\/13488\/revisions\/13490"}],"wp:featuredmedia":[{"embeddable":true,"href":"https:\/\/alminutonoticia.com\/noticias\/wp-json\/wp\/v2\/media\/13489"}],"wp:attachment":[{"href":"https:\/\/alminutonoticia.com\/noticias\/wp-json\/wp\/v2\/media?parent=13488"}],"wp:term":[{"taxonomy":"category","embeddable":true,"href":"https:\/\/alminutonoticia.com\/noticias\/wp-json\/wp\/v2\/categories?post=13488"},{"taxonomy":"post_tag","embeddable":true,"href":"https:\/\/alminutonoticia.com\/noticias\/wp-json\/wp\/v2\/tags?post=13488"}],"curies":[{"name":"wp","href":"https:\/\/api.w.org\/{rel}","templated":true}]}}