{"id":13484,"date":"2025-01-22T13:20:14","date_gmt":"2025-01-22T13:20:14","guid":{"rendered":"https:\/\/alminutonoticia.com\/noticias\/?p=13484"},"modified":"2025-01-22T13:20:16","modified_gmt":"2025-01-22T13:20:16","slug":"el-ifarhu-beca-a-privados-de-libertad-en-penonome","status":"publish","type":"post","link":"https:\/\/alminutonoticia.com\/noticias\/el-ifarhu-beca-a-privados-de-libertad-en-penonome\/","title":{"rendered":"El Ifarhu beca a privados de libertad en Penonom\u00e9"},"content":{"rendered":"\n<p>En un importante paso hacia la rehabilitaci\u00f3n y educaci\u00f3n, cuatro privados de libertad del Centro Penitenciario de Penonom\u00e9 fueron becados por el Instituto de Formaci\u00f3n y Aprovechamiento de Recursos Humanos (Ifarhu), en reconocimiento a su destacado desempe\u00f1o.<\/p>\n\n\n\n<p>Estas becas tienen como objetivo facilitar la formaci\u00f3n continua de estas personas, contribuyendo a su resocializaci\u00f3n a trav\u00e9s de los programas educativos que ofrece la Direcci\u00f3n General del Sistema Penitenciario (DGSP).<\/p>\n\n\n\n<p>\u00c1lvaro Montaya, director encargado del Centro Penitenciario de Penonom\u00e9, anunci\u00f3 que tres de las becas est\u00e1n destinadas a la finalizaci\u00f3n del bachillerato, mientras que una est\u00e1 destinada a estudios universitarios.<\/p>\n\n\n\n<p>Enfatiz\u00f3 la importancia de la educaci\u00f3n en el proceso de rehabilitaci\u00f3n y se\u00f1al\u00f3 que la Junta T\u00e9cnica trabaja en estrecha colaboraci\u00f3n con el Ifarhu para garantizar que toda la documentaci\u00f3n necesaria se tramite de manera efectiva.<\/p>\n\n\n\n<figure class=\"wp-block-image size-full\"><a href=\"https:\/\/alminutonoticia.com\/noticias\/wp-content\/uploads\/2025\/01\/ifrhu-770x470-1.jpeg\"><img fetchpriority=\"high\" decoding=\"async\" width=\"770\" height=\"470\" src=\"https:\/\/alminutonoticia.com\/noticias\/wp-content\/uploads\/2025\/01\/ifrhu-770x470-1.jpeg\" alt=\"\" class=\"wp-image-13485\" title=\"\" srcset=\"https:\/\/alminutonoticia.com\/noticias\/wp-content\/uploads\/2025\/01\/ifrhu-770x470-1.jpeg 770w, https:\/\/alminutonoticia.com\/noticias\/wp-content\/uploads\/2025\/01\/ifrhu-770x470-1-300x183.jpeg 300w, https:\/\/alminutonoticia.com\/noticias\/wp-content\/uploads\/2025\/01\/ifrhu-770x470-1-768x469.jpeg 768w\" sizes=\"(max-width: 770px) 100vw, 770px\" \/><\/a><\/figure>\n","protected":false},"excerpt":{"rendered":"<p>En un importante paso hacia la rehabilitaci\u00f3n y educaci\u00f3n, cuatro privados de libertad del Centro Penitenciario de Penonom\u00e9 fueron becados por el Instituto de Formaci\u00f3n y Aprovechamiento de Recursos Humanos (Ifarhu), en reconocimiento a su destacado desempe\u00f1o. Estas becas tienen como objetivo facilitar la formaci\u00f3n continua de estas personas, contribuyendo a su resocializaci\u00f3n a trav\u00e9s [&hellip;]<\/p>\n","protected":false},"author":3,"featured_media":0,"comment_status":"open","ping_status":"open","sticky":false,"template":"","format":"standard","meta":{"footnotes":""},"categories":[36],"tags":[],"class_list":["post-13484","post","type-post","status-publish","format-standard","hentry","category-nacionales"],"_links":{"self":[{"href":"https:\/\/alminutonoticia.com\/noticias\/wp-json\/wp\/v2\/posts\/13484","targetHints":{"allow":["GET"]}}],"collection":[{"href":"https:\/\/alminutonoticia.com\/noticias\/wp-json\/wp\/v2\/posts"}],"about":[{"href":"https:\/\/alminutonoticia.com\/noticias\/wp-json\/wp\/v2\/types\/post"}],"author":[{"embeddable":true,"href":"https:\/\/alminutonoticia.com\/noticias\/wp-json\/wp\/v2\/users\/3"}],"replies":[{"embeddable":true,"href":"https:\/\/alminutonoticia.com\/noticias\/wp-json\/wp\/v2\/comments?post=13484"}],"version-history":[{"count":1,"href":"https:\/\/alminutonoticia.com\/noticias\/wp-json\/wp\/v2\/posts\/13484\/revisions"}],"predecessor-version":[{"id":13486,"href":"https:\/\/alminutonoticia.com\/noticias\/wp-json\/wp\/v2\/posts\/13484\/revisions\/13486"}],"wp:attachment":[{"href":"https:\/\/alminutonoticia.com\/noticias\/wp-json\/wp\/v2\/media?parent=13484"}],"wp:term":[{"taxonomy":"category","embeddable":true,"href":"https:\/\/alminutonoticia.com\/noticias\/wp-json\/wp\/v2\/categories?post=13484"},{"taxonomy":"post_tag","embeddable":true,"href":"https:\/\/alminutonoticia.com\/noticias\/wp-json\/wp\/v2\/tags?post=13484"}],"curies":[{"name":"wp","href":"https:\/\/api.w.org\/{rel}","templated":true}]}}