{"id":13478,"date":"2025-01-22T13:10:40","date_gmt":"2025-01-22T13:10:40","guid":{"rendered":"https:\/\/alminutonoticia.com\/noticias\/?p=13478"},"modified":"2025-01-22T13:10:42","modified_gmt":"2025-01-22T13:10:42","slug":"aprehenden-a-sujeto-requerido-por-el-homicidio-de-estudiante-universitario-en-veraguas","status":"publish","type":"post","link":"https:\/\/alminutonoticia.com\/noticias\/aprehenden-a-sujeto-requerido-por-el-homicidio-de-estudiante-universitario-en-veraguas\/","title":{"rendered":"Aprehenden a sujeto requerido por el homicidio de estudiante universitario en Veraguas"},"content":{"rendered":"\n<p>Los operativos desplegados en el Plan Firmeza permiten la aprehensi\u00f3n de un ciudadano paname\u00f1o presuntamente vinculado al delito de homicidio y tentativa de homicidio, hecho registrado el pasado el 6 de junio de 2024, por los predios de la Universidad de Panam\u00e1, sede de Veraguas.<\/p>\n\n\n\n<p>El subcomisionado Fernando Vargas, jefe de la Zona Policial de Veraguas indic\u00f3, que la diligencia policial se realiz\u00f3 en el distrito de La Mesa, frente al Parque Municipal, durante los operativos de rastreo realizados en coordinaci\u00f3n con el Ministerio P\u00fablico.<\/p>\n\n\n\n<p>La Polic\u00eda Nacional mantiene disponible el 104, donde las informaciones son tratadas de forma confidencial.<\/p>\n\n\n\n<figure class=\"wp-block-image size-full\"><a href=\"https:\/\/alminutonoticia.com\/noticias\/wp-content\/uploads\/2025\/01\/universitrio-770x470-1.jpeg\"><img fetchpriority=\"high\" decoding=\"async\" width=\"770\" height=\"470\" src=\"https:\/\/alminutonoticia.com\/noticias\/wp-content\/uploads\/2025\/01\/universitrio-770x470-1.jpeg\" alt=\"\" class=\"wp-image-13479\" title=\"\" srcset=\"https:\/\/alminutonoticia.com\/noticias\/wp-content\/uploads\/2025\/01\/universitrio-770x470-1.jpeg 770w, https:\/\/alminutonoticia.com\/noticias\/wp-content\/uploads\/2025\/01\/universitrio-770x470-1-300x183.jpeg 300w, https:\/\/alminutonoticia.com\/noticias\/wp-content\/uploads\/2025\/01\/universitrio-770x470-1-768x469.jpeg 768w\" sizes=\"(max-width: 770px) 100vw, 770px\" \/><\/a><\/figure>\n\n\n\n<p><\/p>\n","protected":false},"excerpt":{"rendered":"<p>Los operativos desplegados en el Plan Firmeza permiten la aprehensi\u00f3n de un ciudadano paname\u00f1o presuntamente vinculado al delito de homicidio y tentativa de homicidio, hecho registrado el pasado el 6 de junio de 2024, por los predios de la Universidad de Panam\u00e1, sede de Veraguas. El subcomisionado Fernando Vargas, jefe de la Zona Policial de [&hellip;]<\/p>\n","protected":false},"author":3,"featured_media":13479,"comment_status":"open","ping_status":"open","sticky":false,"template":"","format":"standard","meta":{"footnotes":""},"categories":[36],"tags":[],"class_list":["post-13478","post","type-post","status-publish","format-standard","has-post-thumbnail","hentry","category-nacionales"],"_links":{"self":[{"href":"https:\/\/alminutonoticia.com\/noticias\/wp-json\/wp\/v2\/posts\/13478","targetHints":{"allow":["GET"]}}],"collection":[{"href":"https:\/\/alminutonoticia.com\/noticias\/wp-json\/wp\/v2\/posts"}],"about":[{"href":"https:\/\/alminutonoticia.com\/noticias\/wp-json\/wp\/v2\/types\/post"}],"author":[{"embeddable":true,"href":"https:\/\/alminutonoticia.com\/noticias\/wp-json\/wp\/v2\/users\/3"}],"replies":[{"embeddable":true,"href":"https:\/\/alminutonoticia.com\/noticias\/wp-json\/wp\/v2\/comments?post=13478"}],"version-history":[{"count":1,"href":"https:\/\/alminutonoticia.com\/noticias\/wp-json\/wp\/v2\/posts\/13478\/revisions"}],"predecessor-version":[{"id":13480,"href":"https:\/\/alminutonoticia.com\/noticias\/wp-json\/wp\/v2\/posts\/13478\/revisions\/13480"}],"wp:featuredmedia":[{"embeddable":true,"href":"https:\/\/alminutonoticia.com\/noticias\/wp-json\/wp\/v2\/media\/13479"}],"wp:attachment":[{"href":"https:\/\/alminutonoticia.com\/noticias\/wp-json\/wp\/v2\/media?parent=13478"}],"wp:term":[{"taxonomy":"category","embeddable":true,"href":"https:\/\/alminutonoticia.com\/noticias\/wp-json\/wp\/v2\/categories?post=13478"},{"taxonomy":"post_tag","embeddable":true,"href":"https:\/\/alminutonoticia.com\/noticias\/wp-json\/wp\/v2\/tags?post=13478"}],"curies":[{"name":"wp","href":"https:\/\/api.w.org\/{rel}","templated":true}]}}