{"id":13470,"date":"2025-01-21T02:29:43","date_gmt":"2025-01-21T02:29:43","guid":{"rendered":"https:\/\/alminutonoticia.com\/noticias\/?p=13470"},"modified":"2025-01-21T02:29:45","modified_gmt":"2025-01-21T02:29:45","slug":"cciap-respalda-el-comunicado-de-mulino-con-respecto-a-las-declaraciones-de-trump-acerca-del-canal-de-panama","status":"publish","type":"post","link":"https:\/\/alminutonoticia.com\/noticias\/cciap-respalda-el-comunicado-de-mulino-con-respecto-a-las-declaraciones-de-trump-acerca-del-canal-de-panama\/","title":{"rendered":"CCIAP respalda el comunicado de Mulino con respecto a las declaraciones de Trump acerca del Canal de Panam\u00e1"},"content":{"rendered":"\n<p>La C\u00e1mara de Comercio, Industrias y Agricultura de Panam\u00e1 (CCIAP) respaldo el comunicado emitido por el presidente de la Rep\u00fablica, Jos\u00e9 Ra\u00fal Mulino, respecto a las declaraciones del presidente de los Estados Unidos, Donald Trump, sobre el Canal de Panam\u00e1 durante su discurso de toma de posesi\u00f3n.<\/p>\n\n\n\n<p>El presidente del gremio, Juan Arias, expres\u00f3: \u00abEl Canal de Panam\u00e1 es, sin lugar a dudas, un ejemplo de \u00e9xito y soberan\u00eda nacional. Desde que asumimos su administraci\u00f3n en 1999, los paname\u00f1os hemos demostrado nuestra capacidad para gestionar esta infraestructura clave para el comercio mundial con eficiencia, transparencia y visi\u00f3n de futuro. Rechazamos cualquier insinuaci\u00f3n que ponga en duda estos logros, que son motivo de orgullo nacional y reconocimiento internacional\u00bb.<\/p>\n\n\n\n<p>Arias subray\u00f3 que el sector privado paname\u00f1o considera que el Canal de Panam\u00e1 no solo es un s\u00edmbolo de nuestra soberan\u00eda, sino tambi\u00e9n un motor de desarrollo econ\u00f3mico para el pa\u00eds y el mundo. \u201cLas m\u00e1s de dos d\u00e9cadas de administraci\u00f3n paname\u00f1a del Canal han probado que somos un pa\u00eds comprometido con la excelencia y la estabilidad global\u201d.<\/p>\n\n\n\n<p>La CCIAP hace un llamado a las autoridades de ambos pa\u00edses a mantener un di\u00e1logo respetuoso y constructivo que fomente el fortalecimiento de las relaciones bilaterales hist\u00f3ricas. Adem\u00e1s, reitera su respaldo al Gobierno Nacional en todas las gestiones necesarias para defender la integridad y la soberan\u00eda del Canal.<\/p>\n\n\n\n<p>\u201cPanam\u00e1 es y seguir\u00e1 siendo un ejemplo de \u00e9xito en la gesti\u00f3n de este recurso estrat\u00e9gico. Nuestro compromiso como gremio empresarial es seguir trabajando junto con el gobierno y la sociedad civil para garantizar que el Canal siga siendo un pilar del comercio mundial y una fuente de orgullo para todos los paname\u00f1os\u201d, concluy\u00f3 Juan Arias.<\/p>\n\n\n\n<figure class=\"wp-block-image size-full\"><a href=\"https:\/\/alminutonoticia.com\/noticias\/wp-content\/uploads\/2025\/01\/cnles-770x462-1.jpeg\"><img fetchpriority=\"high\" decoding=\"async\" width=\"770\" height=\"462\" src=\"https:\/\/alminutonoticia.com\/noticias\/wp-content\/uploads\/2025\/01\/cnles-770x462-1.jpeg\" alt=\"\" class=\"wp-image-13471\" title=\"\" srcset=\"https:\/\/alminutonoticia.com\/noticias\/wp-content\/uploads\/2025\/01\/cnles-770x462-1.jpeg 770w, https:\/\/alminutonoticia.com\/noticias\/wp-content\/uploads\/2025\/01\/cnles-770x462-1-300x180.jpeg 300w, https:\/\/alminutonoticia.com\/noticias\/wp-content\/uploads\/2025\/01\/cnles-770x462-1-768x461.jpeg 768w\" sizes=\"(max-width: 770px) 100vw, 770px\" \/><\/a><\/figure>\n","protected":false},"excerpt":{"rendered":"<p>La C\u00e1mara de Comercio, Industrias y Agricultura de Panam\u00e1 (CCIAP) respaldo el comunicado emitido por el presidente de la Rep\u00fablica, Jos\u00e9 Ra\u00fal Mulino, respecto a las declaraciones del presidente de los Estados Unidos, Donald Trump, sobre el Canal de Panam\u00e1 durante su discurso de toma de posesi\u00f3n. El presidente del gremio, Juan Arias, expres\u00f3: \u00abEl [&hellip;]<\/p>\n","protected":false},"author":3,"featured_media":13471,"comment_status":"open","ping_status":"open","sticky":false,"template":"","format":"standard","meta":{"footnotes":""},"categories":[36],"tags":[],"class_list":["post-13470","post","type-post","status-publish","format-standard","has-post-thumbnail","hentry","category-nacionales"],"_links":{"self":[{"href":"https:\/\/alminutonoticia.com\/noticias\/wp-json\/wp\/v2\/posts\/13470","targetHints":{"allow":["GET"]}}],"collection":[{"href":"https:\/\/alminutonoticia.com\/noticias\/wp-json\/wp\/v2\/posts"}],"about":[{"href":"https:\/\/alminutonoticia.com\/noticias\/wp-json\/wp\/v2\/types\/post"}],"author":[{"embeddable":true,"href":"https:\/\/alminutonoticia.com\/noticias\/wp-json\/wp\/v2\/users\/3"}],"replies":[{"embeddable":true,"href":"https:\/\/alminutonoticia.com\/noticias\/wp-json\/wp\/v2\/comments?post=13470"}],"version-history":[{"count":1,"href":"https:\/\/alminutonoticia.com\/noticias\/wp-json\/wp\/v2\/posts\/13470\/revisions"}],"predecessor-version":[{"id":13472,"href":"https:\/\/alminutonoticia.com\/noticias\/wp-json\/wp\/v2\/posts\/13470\/revisions\/13472"}],"wp:featuredmedia":[{"embeddable":true,"href":"https:\/\/alminutonoticia.com\/noticias\/wp-json\/wp\/v2\/media\/13471"}],"wp:attachment":[{"href":"https:\/\/alminutonoticia.com\/noticias\/wp-json\/wp\/v2\/media?parent=13470"}],"wp:term":[{"taxonomy":"category","embeddable":true,"href":"https:\/\/alminutonoticia.com\/noticias\/wp-json\/wp\/v2\/categories?post=13470"},{"taxonomy":"post_tag","embeddable":true,"href":"https:\/\/alminutonoticia.com\/noticias\/wp-json\/wp\/v2\/tags?post=13470"}],"curies":[{"name":"wp","href":"https:\/\/api.w.org\/{rel}","templated":true}]}}